
{"id":974,"date":"2014-01-13T17:44:09","date_gmt":"2014-01-13T16:44:09","guid":{"rendered":"http:\/\/mfpp-origami.fr\/?p=974"},"modified":"2014-11-13T10:59:53","modified_gmt":"2014-11-13T09:59:53","slug":"rencontres-de-mai-2014","status":"publish","type":"post","link":"https:\/\/mfpp-origami.fr\/en\/rencontres-de-mai-2014\/","title":{"rendered":"MFPP Convention 2014 Colmar Trois-\u00c9pis"},"content":{"rendered":"<p>The 25<sup class=\"ordinal\">th<\/sup> Rencontres de Mai 2014 took place Mai 29<sup class=\"ordinal\">th<\/sup> to June 1<sup class=\"ordinal\">st<\/sup> in Trois-Epis, 15km from Colmar, Alsace<!--more-->.<\/p>\n<h2>Guests<\/h2>\n<h3>Carmen Sprung<\/h3>\n\n\t\t<style type=\"text\/css\">\n\t\t\t#gallery-5 {\n\t\t\t\tmargin: auto;\n\t\t\t}\n\t\t\t#gallery-5 .gallery-item {\n\t\t\t\tfloat: left;\n\t\t\t\tmargin-top: 10px;\n\t\t\t\ttext-align: center;\n\t\t\t\twidth: 20%;\n\t\t\t}\n\t\t\t#gallery-5 img {\n\t\t\t\tborder: 2px solid #cfcfcf;\n\t\t\t}\n\t\t\t#gallery-5 .gallery-caption {\n\t\t\t\tmargin-left: 0;\n\t\t\t}\n\t\t\t\/* see gallery_shortcode() in wp-includes\/media.php *\/\n\t\t<\/style>\n\t\t<div id=\"gallery-5\" class=\"gallery galleryid-974 gallery-columns-5 gallery-size-thumbnail\"><dl class=\"gallery-item\">\n\t\t\t<dt class=\"gallery-icon portrait\">\n\t\t\t\t<img loading=\"lazy\" decoding=\"async\" width=\"150\" height=\"150\" src=\"https:\/\/mfpp-origami.fr\/media\/carmen_sprung-150x150.jpg\" class=\"attachment-thumbnail size-thumbnail\" alt=\"Carmen Sprung\" aria-describedby=\"gallery-5-1281\" srcset=\"https:\/\/mfpp-origami.fr\/media\/carmen_sprung-150x150.jpg 150w, https:\/\/mfpp-origami.fr\/media\/carmen_sprung-450x450.jpg 450w, https:\/\/mfpp-origami.fr\/media\/carmen_sprung-100x100.jpg 100w, https:\/\/mfpp-origami.fr\/media\/carmen_sprung-248x248.jpg 248w\" sizes=\"auto, (max-width: 150px) 100vw, 150px\">\n\t\t\t<\/dt>\n\t\t\t\t<dd class=\"wp-caption-text gallery-caption\" id=\"gallery-5-1281\">Carmen Sprung&nbsp;<\/dd><\/dl><dl class=\"gallery-item\">\n\t\t\t<dt class=\"gallery-icon landscape\">\n\t\t\t\t<img loading=\"lazy\" decoding=\"async\" width=\"150\" height=\"150\" src=\"https:\/\/mfpp-origami.fr\/media\/Lucy_fr-150x150.jpg\" class=\"attachment-thumbnail size-thumbnail\" alt=\"Lucy de Carmen Sprung\" aria-describedby=\"gallery-5-1282\" srcset=\"https:\/\/mfpp-origami.fr\/media\/Lucy_fr-150x150.jpg 150w, https:\/\/mfpp-origami.fr\/media\/Lucy_fr-450x450.jpg 450w, https:\/\/mfpp-origami.fr\/media\/Lucy_fr-100x100.jpg 100w, https:\/\/mfpp-origami.fr\/media\/Lucy_fr-600x600.jpg 600w, https:\/\/mfpp-origami.fr\/media\/Lucy_fr-300x300.jpg 300w, https:\/\/mfpp-origami.fr\/media\/Lucy_fr-248x248.jpg 248w, https:\/\/mfpp-origami.fr\/media\/Lucy_fr.jpg 945w\" sizes=\"auto, (max-width: 150px) 100vw, 150px\">\n\t\t\t<\/dt>\n\t\t\t\t<dd class=\"wp-caption-text gallery-caption\" id=\"gallery-5-1282\">Lucy de Carmen Sprung&nbsp;<\/dd><\/dl>\n\t\t\t<br style=\"clear: both\">\n\t\t<\/div>\n\n<p><em>What fascinates me more in Origami is the geometry hidden in the paper. I&nbsp;like to explore beyond the limits of the square, the beauty of hexagons, pentagons or rectangles. I\u2019m particularly fond of stars which sometimes become flowers. In 2011, I&nbsp;self-published my first book&nbsp;: <\/em>Origami 21 Sterne<em>.<\/em><\/p>\n<p><em>You can see some photos of my models online at&nbsp;: <a href=\"http:\/\/www.flickr.com\/photos\/origamiseiten\" target=\"_blank\">www.flickr.com\/origamiseiten <\/a>, <a href=\"http:\/\/www.origamiseiten.de\/\" target=\"_blank\">www.origamiseiten.de<\/a>.<\/em><\/p>\n<h3>Joan Sallas<\/h3>\n\n\t\t<style type=\"text\/css\">\n\t\t\t#gallery-6 {\n\t\t\t\tmargin: auto;\n\t\t\t}\n\t\t\t#gallery-6 .gallery-item {\n\t\t\t\tfloat: left;\n\t\t\t\tmargin-top: 10px;\n\t\t\t\ttext-align: center;\n\t\t\t\twidth: 20%;\n\t\t\t}\n\t\t\t#gallery-6 img {\n\t\t\t\tborder: 2px solid #cfcfcf;\n\t\t\t}\n\t\t\t#gallery-6 .gallery-caption {\n\t\t\t\tmargin-left: 0;\n\t\t\t}\n\t\t\t\/* see gallery_shortcode() in wp-includes\/media.php *\/\n\t\t<\/style>\n\t\t<div id=\"gallery-6\" class=\"gallery galleryid-974 gallery-columns-5 gallery-size-thumbnail\"><dl class=\"gallery-item\">\n\t\t\t<dt class=\"gallery-icon portrait\">\n\t\t\t\t<img loading=\"lazy\" decoding=\"async\" width=\"150\" height=\"150\" src=\"https:\/\/mfpp-origami.fr\/media\/sallas-150x150.jpg\" class=\"attachment-thumbnail size-thumbnail\" alt=\"Joan Sallas\" aria-describedby=\"gallery-6-1521\" srcset=\"https:\/\/mfpp-origami.fr\/media\/sallas-150x150.jpg 150w, https:\/\/mfpp-origami.fr\/media\/sallas-450x450.jpg 450w, https:\/\/mfpp-origami.fr\/media\/sallas-100x100.jpg 100w, https:\/\/mfpp-origami.fr\/media\/sallas-248x248.jpg 248w\" sizes=\"auto, (max-width: 150px) 100vw, 150px\">\n\t\t\t<\/dt>\n\t\t\t\t<dd class=\"wp-caption-text gallery-caption\" id=\"gallery-6-1521\">Joan Sallas&nbsp;<\/dd><\/dl><dl class=\"gallery-item\">\n\t\t\t<dt class=\"gallery-icon landscape\">\n\t\t\t\t<img loading=\"lazy\" decoding=\"async\" width=\"150\" height=\"150\" src=\"https:\/\/mfpp-origami.fr\/media\/tortuesallas-150x150.jpg\" class=\"attachment-thumbnail size-thumbnail\" alt=\"Eine Schildkr\u00f6te (1677), reconstitu\u00e9e par Joan Sallas\" aria-describedby=\"gallery-6-1525\" srcset=\"https:\/\/mfpp-origami.fr\/media\/tortuesallas-150x150.jpg 150w, https:\/\/mfpp-origami.fr\/media\/tortuesallas-450x450.jpg 450w, https:\/\/mfpp-origami.fr\/media\/tortuesallas-100x100.jpg 100w, https:\/\/mfpp-origami.fr\/media\/tortuesallas-248x248.jpg 248w\" sizes=\"auto, (max-width: 150px) 100vw, 150px\">\n\t\t\t<\/dt>\n\t\t\t\t<dd class=\"wp-caption-text gallery-caption\" id=\"gallery-6-1525\">Eine Schildkr\u00f6te (1677), reconstitu\u00e9e par Joan Sallas&nbsp;<\/dd><\/dl>\n\t\t\t<br style=\"clear: both\">\n\t\t<\/div>\n\n<p>At 48, Joan Sallas is considered the world\u2019s best napkin-folding artist. He has brought back to life the Baroque art that appeared in Italy at the Renaissance period and reached its peak in German-speaking countries during the 17<sup class=\"ordinal\">th<\/sup> century. He re-discovered those techniques studying ancient prints and document that described royal banquets. You can see one of his latest exhibitions on <a title=\"Joan Sallas'exhibition\" href=\"http:\/\/www.spielzeug-welten-museum-basel.ch\/en\/special-exhibitions\/upcoming-exhibitions\/folding-world\/\" target=\"_blank\">website of the Spielzeug Welten Museum Basel<\/a>.<\/p>\n<h3>Juan Gimeno<\/h3>\n\n\t\t<style type=\"text\/css\">\n\t\t\t#gallery-7 {\n\t\t\t\tmargin: auto;\n\t\t\t}\n\t\t\t#gallery-7 .gallery-item {\n\t\t\t\tfloat: left;\n\t\t\t\tmargin-top: 10px;\n\t\t\t\ttext-align: center;\n\t\t\t\twidth: 20%;\n\t\t\t}\n\t\t\t#gallery-7 img {\n\t\t\t\tborder: 2px solid #cfcfcf;\n\t\t\t}\n\t\t\t#gallery-7 .gallery-caption {\n\t\t\t\tmargin-left: 0;\n\t\t\t}\n\t\t\t\/* see gallery_shortcode() in wp-includes\/media.php *\/\n\t\t<\/style>\n\t\t<div id=\"gallery-7\" class=\"gallery galleryid-974 gallery-columns-5 gallery-size-thumbnail\"><dl class=\"gallery-item\">\n\t\t\t<dt class=\"gallery-icon landscape\">\n\t\t\t\t<img loading=\"lazy\" decoding=\"async\" width=\"150\" height=\"150\" src=\"https:\/\/mfpp-origami.fr\/media\/Plegando-en-Riglos-2012-150x150.jpg\" class=\"attachment-thumbnail size-thumbnail\" alt=\"Juan Gimeno\" aria-describedby=\"gallery-7-1284\" srcset=\"https:\/\/mfpp-origami.fr\/media\/Plegando-en-Riglos-2012-150x150.jpg 150w, https:\/\/mfpp-origami.fr\/media\/Plegando-en-Riglos-2012-450x450.jpg 450w, https:\/\/mfpp-origami.fr\/media\/Plegando-en-Riglos-2012-100x100.jpg 100w, https:\/\/mfpp-origami.fr\/media\/Plegando-en-Riglos-2012-248x248.jpg 248w\" sizes=\"auto, (max-width: 150px) 100vw, 150px\">\n\t\t\t<\/dt>\n\t\t\t\t<dd class=\"wp-caption-text gallery-caption\" id=\"gallery-7-1284\">Juan Gimeno&nbsp;<\/dd><\/dl><dl class=\"gallery-item\">\n\t\t\t<dt class=\"gallery-icon landscape\">\n\t\t\t\t<img loading=\"lazy\" decoding=\"async\" width=\"150\" height=\"150\" src=\"https:\/\/mfpp-origami.fr\/media\/Buho-Plegado-por-Rui-Roda-2013-150x150.jpg\" class=\"attachment-thumbnail size-thumbnail\" alt=\"Hibou de Juan Gimeno (Pli\u00e9 par Rui Roda, 2013)\" aria-describedby=\"gallery-7-1283\" srcset=\"https:\/\/mfpp-origami.fr\/media\/Buho-Plegado-por-Rui-Roda-2013-150x150.jpg 150w, https:\/\/mfpp-origami.fr\/media\/Buho-Plegado-por-Rui-Roda-2013-450x450.jpg 450w, https:\/\/mfpp-origami.fr\/media\/Buho-Plegado-por-Rui-Roda-2013-100x100.jpg 100w, https:\/\/mfpp-origami.fr\/media\/Buho-Plegado-por-Rui-Roda-2013-248x248.jpg 248w\" sizes=\"auto, (max-width: 150px) 100vw, 150px\">\n\t\t\t<\/dt>\n\t\t\t\t<dd class=\"wp-caption-text gallery-caption\" id=\"gallery-7-1283\">Hibou de Juan Gimeno (Pli\u00e9 par Rui Roda,&nbsp;2013)&nbsp;<\/dd><\/dl>\n\t\t\t<br style=\"clear: both\">\n\t\t<\/div>\n\n<p><em>I was born in Sevilla in 1949. My father was himself a&nbsp;good paper folder and he taught me when I&nbsp;was a&nbsp;child. I&nbsp;started creating my own models (about 200&nbsp;in total) when I&nbsp;was about 18. I&nbsp;am a&nbsp;member of the Grupo Riglos and author of three origami books. I\u2019m a&nbsp;professional art historian and documentalist currently working at the Complutense University of Madrid. As a&nbsp;documentalist, I&nbsp;have written an origami bibliography. I&nbsp;have also written a&nbsp;few articles for Pajarita, the AEP\u2019s magazine, about my historical research in origami.<\/em><\/p>\n<h3>Michel Grand<\/h3>\n\n\t\t<style type=\"text\/css\">\n\t\t\t#gallery-8 {\n\t\t\t\tmargin: auto;\n\t\t\t}\n\t\t\t#gallery-8 .gallery-item {\n\t\t\t\tfloat: left;\n\t\t\t\tmargin-top: 10px;\n\t\t\t\ttext-align: center;\n\t\t\t\twidth: 20%;\n\t\t\t}\n\t\t\t#gallery-8 img {\n\t\t\t\tborder: 2px solid #cfcfcf;\n\t\t\t}\n\t\t\t#gallery-8 .gallery-caption {\n\t\t\t\tmargin-left: 0;\n\t\t\t}\n\t\t\t\/* see gallery_shortcode() in wp-includes\/media.php *\/\n\t\t<\/style>\n\t\t<div id=\"gallery-8\" class=\"gallery galleryid-974 gallery-columns-5 gallery-size-thumbnail\"><dl class=\"gallery-item\">\n\t\t\t<dt class=\"gallery-icon landscape\">\n\t\t\t\t<img loading=\"lazy\" decoding=\"async\" width=\"150\" height=\"150\" src=\"https:\/\/mfpp-origami.fr\/media\/IMG_4098-150x150.jpg\" class=\"attachment-thumbnail size-thumbnail\" alt=\"Michel Grand\" aria-describedby=\"gallery-8-1328\" srcset=\"https:\/\/mfpp-origami.fr\/media\/IMG_4098-150x150.jpg 150w, https:\/\/mfpp-origami.fr\/media\/IMG_4098-scaled-450x450.jpg 450w, https:\/\/mfpp-origami.fr\/media\/IMG_4098-scaled-100x100.jpg 100w, https:\/\/mfpp-origami.fr\/media\/IMG_4098-248x248.jpg 248w\" sizes=\"auto, (max-width: 150px) 100vw, 150px\">\n\t\t\t<\/dt>\n\t\t\t\t<dd class=\"wp-caption-text gallery-caption\" id=\"gallery-8-1328\">Michel Grand&nbsp;<\/dd><\/dl><dl class=\"gallery-item\">\n\t\t\t<dt class=\"gallery-icon landscape\">\n\t\t\t\t<img loading=\"lazy\" decoding=\"async\" width=\"150\" height=\"150\" src=\"https:\/\/mfpp-origami.fr\/media\/Babarcool_Grand-150x150.jpg\" class=\"attachment-thumbnail size-thumbnail\" alt=\"Babar cool letterfold de Michel Grand\" aria-describedby=\"gallery-8-1234\" srcset=\"https:\/\/mfpp-origami.fr\/media\/Babarcool_Grand-150x150.jpg 150w, https:\/\/mfpp-origami.fr\/media\/Babarcool_Grand-scaled-450x450.jpg 450w, https:\/\/mfpp-origami.fr\/media\/Babarcool_Grand-scaled-100x100.jpg 100w, https:\/\/mfpp-origami.fr\/media\/Babarcool_Grand-248x248.jpg 248w\" sizes=\"auto, (max-width: 150px) 100vw, 150px\">\n\t\t\t<\/dt>\n\t\t\t\t<dd class=\"wp-caption-text gallery-caption\" id=\"gallery-8-1234\">Babar cool letterfold de Michel Grand&nbsp;<\/dd><\/dl>\n\t\t\t<br style=\"clear: both\">\n\t\t<\/div>\n\n<p>Michel Grand is a&nbsp;professional postman and folds mainly envelopes. He has been an active member of the MFPP for 30&nbsp;years and travels the world to attend origami conventions where he has sealed some longtime friendships.<\/p>\n<p>His models are always technically simple and offer an amazing variety of elegant and stylized shapes. They are also suitable for sending through postal services, thus becoming a&nbsp;symbol of sharing and friendship between folders around the globe. Moreover, this humble creator has amazing encyclopedic knowledge on the history of origami. A&nbsp;few of his creations can be seen on&nbsp;: <a title=\"Blog de l'ELFA\" href=\"http:\/\/elfa-exchange.blogspot.fr\/search\/label\/MG\" target=\"_blank\">ELFA-exchange Origami Mailart<\/a>.<\/p>","protected":false},"excerpt":{"rendered":"<p>The 25<sup class=\"ordinal\">th<\/sup> Rencontres de Mai 2014 took place Mai 29<sup class=\"ordinal\">th<\/sup> to June 1<sup class=\"ordinal\">st<\/sup> in Trois-Epis, 15km from Colmar, Alsace<\/p>\n","protected":false},"author":4,"featured_media":1138,"comment_status":"closed","ping_status":"closed","sticky":false,"template":"","format":"standard","meta":{"_acf_changed":false,"wp_typography_post_enhancements_disabled":false,"ngg_post_thumbnail":0,"__cvm_playback_settings":[],"__cvm_video_id":"","footnotes":""},"categories":[9,12],"tags":[],"class_list":["post-974","post","type-post","status-publish","format-standard","has-post-thumbnail","hentry","category-actualites","category-conventions"],"acf":[],"yoast_head":"<!-- This site is optimized with the Yoast SEO plugin v27.4 - https:\/\/yoast.com\/product\/yoast-seo-wordpress\/ -->\n<title>MFPP Convention 2014 Colmar Trois-\u00c9pis &#8211; Mouvement Fran\u00e7ais des Plieurs de Papier<\/title>\n<meta name=\"robots\" content=\"index, follow, max-snippet:-1, max-image-preview:large, max-video-preview:-1\" \/>\n<link rel=\"canonical\" href=\"https:\/\/mfpp-origami.fr\/en\/rencontres-de-mai-2014\/\" \/>\n<meta property=\"og:locale\" content=\"en_US\" \/>\n<meta property=\"og:type\" content=\"article\" \/>\n<meta property=\"og:title\" content=\"MFPP Convention 2014 Colmar Trois-\u00c9pis &#8211; Mouvement Fran\u00e7ais des Plieurs de Papier\" \/>\n<meta property=\"og:description\" content=\"The 25th Rencontres de Mai 2014 took place Mai 29th to June 1st in Trois-Epis, 15km from Colmar, Alsace\" \/>\n<meta property=\"og:url\" content=\"https:\/\/mfpp-origami.fr\/en\/rencontres-de-mai-2014\/\" \/>\n<meta property=\"og:site_name\" content=\"Mouvement Fran\u00e7ais des Plieurs de Papier\" \/>\n<meta property=\"article:publisher\" content=\"https:\/\/www.facebook.com\/mfpp.origami\" \/>\n<meta property=\"article:published_time\" content=\"2014-01-13T16:44:09+00:00\" \/>\n<meta property=\"article:modified_time\" content=\"2014-11-13T09:59:53+00:00\" \/>\n<meta property=\"og:image\" content=\"https:\/\/mfpp-origami.fr\/media\/Notre-Dame_Trois-Epis.jpg\" \/>\n\t<meta property=\"og:image:width\" content=\"512\" \/>\n\t<meta property=\"og:image:height\" content=\"384\" \/>\n\t<meta property=\"og:image:type\" content=\"image\/jpeg\" \/>\n<meta name=\"author\" content=\"Robert Loubet\" \/>\n<meta name=\"twitter:card\" content=\"summary_large_image\" \/>\n<meta name=\"twitter:label1\" content=\"Written by\" \/>\n\t<meta name=\"twitter:data1\" content=\"Robert Loubet\" \/>\n\t<meta name=\"twitter:label2\" content=\"Est. reading time\" \/>\n\t<meta name=\"twitter:data2\" content=\"4 minutes\" \/>\n<script type=\"application\/ld+json\" class=\"yoast-schema-graph\">{\"@context\":\"https:\\\/\\\/schema.org\",\"@graph\":[{\"@type\":\"Article\",\"@id\":\"https:\\\/\\\/mfpp-origami.fr\\\/en\\\/rencontres-de-mai-2014\\\/#article\",\"isPartOf\":{\"@id\":\"https:\\\/\\\/mfpp-origami.fr\\\/en\\\/rencontres-de-mai-2014\\\/\"},\"author\":{\"name\":\"Robert Loubet\",\"@id\":\"https:\\\/\\\/mfpp-origami.fr\\\/#\\\/schema\\\/person\\\/f5a302601366f3f7e4fc29cb494260bc\"},\"headline\":\"MFPP Convention 2014 Colmar Trois-\u00c9pis\",\"datePublished\":\"2014-01-13T16:44:09+00:00\",\"dateModified\":\"2014-11-13T09:59:53+00:00\",\"mainEntityOfPage\":{\"@id\":\"https:\\\/\\\/mfpp-origami.fr\\\/en\\\/rencontres-de-mai-2014\\\/\"},\"wordCount\":830,\"publisher\":{\"@id\":\"https:\\\/\\\/mfpp-origami.fr\\\/#organization\"},\"image\":{\"@id\":\"https:\\\/\\\/mfpp-origami.fr\\\/en\\\/rencontres-de-mai-2014\\\/#primaryimage\"},\"thumbnailUrl\":\"https:\\\/\\\/mfpp-origami.fr\\\/media\\\/Notre-Dame_Trois-Epis.jpg\",\"articleSection\":[\"Latest News\",\"Conventions\"],\"inLanguage\":\"en-US\"},{\"@type\":\"WebPage\",\"@id\":\"https:\\\/\\\/mfpp-origami.fr\\\/en\\\/rencontres-de-mai-2014\\\/\",\"url\":\"https:\\\/\\\/mfpp-origami.fr\\\/en\\\/rencontres-de-mai-2014\\\/\",\"name\":\"Rencontres de mai 2014 \u00e0 Colmar Trois-\u00c9pisMFPP Convention 2014 Colmar Trois-\u00c9pis &#8211; Mouvement Fran\u00e7ais des Plieurs de Papier\",\"isPartOf\":{\"@id\":\"https:\\\/\\\/mfpp-origami.fr\\\/en\\\/#website\"},\"primaryImageOfPage\":{\"@id\":\"https:\\\/\\\/mfpp-origami.fr\\\/en\\\/rencontres-de-mai-2014\\\/#primaryimage\"},\"image\":{\"@id\":\"https:\\\/\\\/mfpp-origami.fr\\\/en\\\/rencontres-de-mai-2014\\\/#primaryimage\"},\"thumbnailUrl\":\"https:\\\/\\\/mfpp-origami.fr\\\/media\\\/Notre-Dame_Trois-Epis.jpg\",\"datePublished\":\"2014-01-13T16:44:09+00:00\",\"dateModified\":\"2014-11-13T09:59:53+00:00\",\"breadcrumb\":{\"@id\":\"https:\\\/\\\/mfpp-origami.fr\\\/en\\\/rencontres-de-mai-2014\\\/#breadcrumb\"},\"inLanguage\":\"en-US\",\"potentialAction\":[{\"@type\":\"ReadAction\",\"target\":[[\"https:\\\/\\\/mfpp-origami.fr\\\/en\\\/rencontres-de-mai-2014\\\/\"]]}]},{\"@type\":\"ImageObject\",\"inLanguage\":\"en-US\",\"@id\":\"https:\\\/\\\/mfpp-origami.fr\\\/en\\\/rencontres-de-mai-2014\\\/#primaryimage\",\"url\":\"https:\\\/\\\/mfpp-origami.fr\\\/media\\\/Notre-Dame_Trois-Epis.jpg\",\"contentUrl\":\"https:\\\/\\\/mfpp-origami.fr\\\/media\\\/Notre-Dame_Trois-Epis.jpg\",\"width\":512,\"height\":384,\"caption\":\"I, Cham [CC-BY-2.5 (http:\\\/\\\/creativecommons.org\\\/licenses\\\/by\\\/2.5)], via Wikimedia Commons\"},{\"@type\":\"BreadcrumbList\",\"@id\":\"https:\\\/\\\/mfpp-origami.fr\\\/en\\\/rencontres-de-mai-2014\\\/#breadcrumb\",\"itemListElement\":[{\"@type\":\"ListItem\",\"position\":1,\"name\":\"Accueil\",\"item\":\"https:\\\/\\\/mfpp-origami.fr\\\/en\\\/\"},{\"@type\":\"ListItem\",\"position\":2,\"name\":\"MFPP Convention 2014 Colmar Trois-\u00c9pis\"}]},{\"@type\":\"WebSite\",\"@id\":\"https:\\\/\\\/mfpp-origami.fr\\\/en\\\/#website\",\"url\":\"https:\\\/\\\/mfpp-origami.fr\\\/en\\\/\",\"name\":\"Mouvement Fran\u00e7ais des Plieurs de Papier\",\"description\":\"French association for the promotion of origami\",\"publisher\":{\"@id\":\"https:\\\/\\\/mfpp-origami.fr\\\/en\\\/#organization\"},\"potentialAction\":[{\"@type\":\"SearchAction\",\"target\":{\"@type\":\"EntryPoint\",\"urlTemplate\":\"https:\\\/\\\/mfpp-origami.fr\\\/en\\\/?s={search_term_string}\"},\"query-input\":{\"@type\":\"PropertyValueSpecification\",\"valueRequired\":true,\"valueName\":\"search_term_string\"}}],\"inLanguage\":\"en-US\"},{\"@type\":\"Organization\",\"@id\":\"https:\\\/\\\/mfpp-origami.fr\\\/en\\\/#organization\",\"name\":\"Mouvement fran\u00e7ais des plieurs de papier\",\"url\":\"https:\\\/\\\/mfpp-origami.fr\\\/en\\\/\",\"logo\":{\"@type\":\"ImageObject\",\"inLanguage\":\"en-US\",\"@id\":\"https:\\\/\\\/mfpp-origami.fr\\\/en\\\/#\\\/schema\\\/logo\\\/image\\\/\",\"url\":\"https:\\\/\\\/mfpp-origami.fr\\\/media\\\/logo_web.png\",\"contentUrl\":\"https:\\\/\\\/mfpp-origami.fr\\\/media\\\/logo_web.png\",\"width\":499,\"height\":167,\"caption\":\"Mouvement fran\u00e7ais des plieurs de papier\"},\"image\":{\"@id\":\"https:\\\/\\\/mfpp-origami.fr\\\/en\\\/#\\\/schema\\\/logo\\\/image\\\/\"},\"sameAs\":[\"https:\\\/\\\/www.facebook.com\\\/mfpp.origami\",\"https:\\\/\\\/www.instagram.com\\\/origami_mfpp\\\/\",\"https:\\\/\\\/www.youtube.com\\\/channel\\\/UC72tuiSDql1EMf0oLmjvV4w\"]},{\"@type\":\"Person\",\"@id\":\"https:\\\/\\\/mfpp-origami.fr\\\/#\\\/schema\\\/person\\\/f5a302601366f3f7e4fc29cb494260bc\",\"name\":\"Robert Loubet\",\"image\":{\"@type\":\"ImageObject\",\"inLanguage\":\"en-US\",\"@id\":\"https:\\\/\\\/mfpp-origami.fr\\\/wp-content\\\/litespeed\\\/avatar\\\/554fdeb0447a0b8a661ca2774be6c442.jpg?ver=1777222924\",\"url\":\"https:\\\/\\\/mfpp-origami.fr\\\/wp-content\\\/litespeed\\\/avatar\\\/554fdeb0447a0b8a661ca2774be6c442.jpg?ver=1777222924\",\"contentUrl\":\"https:\\\/\\\/mfpp-origami.fr\\\/wp-content\\\/litespeed\\\/avatar\\\/554fdeb0447a0b8a661ca2774be6c442.jpg?ver=1777222924\",\"caption\":\"Robert Loubet\"}}]}<\/script>\n<!-- \/ Yoast SEO plugin. -->","yoast_head_json":{"title":"MFPP Convention 2014 Colmar Trois-\u00c9pis &#8211; Mouvement Fran\u00e7ais des Plieurs de Papier","robots":{"index":"index","follow":"follow","max-snippet":"max-snippet:-1","max-image-preview":"max-image-preview:large","max-video-preview":"max-video-preview:-1"},"canonical":"https:\/\/mfpp-origami.fr\/en\/rencontres-de-mai-2014\/","og_locale":"en_US","og_type":"article","og_title":"MFPP Convention 2014 Colmar Trois-\u00c9pis &#8211; Mouvement Fran\u00e7ais des Plieurs de Papier","og_description":"The 25th Rencontres de Mai 2014 took place Mai 29th to June 1st in Trois-Epis, 15km from Colmar, Alsace","og_url":"https:\/\/mfpp-origami.fr\/en\/rencontres-de-mai-2014\/","og_site_name":"Mouvement Fran\u00e7ais des Plieurs de Papier","article_publisher":"https:\/\/www.facebook.com\/mfpp.origami","article_published_time":"2014-01-13T16:44:09+00:00","article_modified_time":"2014-11-13T09:59:53+00:00","og_image":[{"width":512,"height":384,"url":"https:\/\/mfpp-origami.fr\/media\/Notre-Dame_Trois-Epis.jpg","type":"image\/jpeg"}],"author":"Robert Loubet","twitter_card":"summary_large_image","twitter_misc":{"Written by":"Robert Loubet","Est. reading time":"4 minutes"},"schema":{"@context":"https:\/\/schema.org","@graph":[{"@type":"Article","@id":"https:\/\/mfpp-origami.fr\/en\/rencontres-de-mai-2014\/#article","isPartOf":{"@id":"https:\/\/mfpp-origami.fr\/en\/rencontres-de-mai-2014\/"},"author":{"name":"Robert Loubet","@id":"https:\/\/mfpp-origami.fr\/#\/schema\/person\/f5a302601366f3f7e4fc29cb494260bc"},"headline":"MFPP Convention 2014 Colmar Trois-\u00c9pis","datePublished":"2014-01-13T16:44:09+00:00","dateModified":"2014-11-13T09:59:53+00:00","mainEntityOfPage":{"@id":"https:\/\/mfpp-origami.fr\/en\/rencontres-de-mai-2014\/"},"wordCount":830,"publisher":{"@id":"https:\/\/mfpp-origami.fr\/#organization"},"image":{"@id":"https:\/\/mfpp-origami.fr\/en\/rencontres-de-mai-2014\/#primaryimage"},"thumbnailUrl":"https:\/\/mfpp-origami.fr\/media\/Notre-Dame_Trois-Epis.jpg","articleSection":["Latest News","Conventions"],"inLanguage":"en-US"},{"@type":"WebPage","@id":"https:\/\/mfpp-origami.fr\/en\/rencontres-de-mai-2014\/","url":"https:\/\/mfpp-origami.fr\/en\/rencontres-de-mai-2014\/","name":"Rencontres de mai 2014 \u00e0 Colmar Trois-\u00c9pisMFPP Convention 2014 Colmar Trois-\u00c9pis &#8211; Mouvement Fran\u00e7ais des Plieurs de Papier","isPartOf":{"@id":"https:\/\/mfpp-origami.fr\/en\/#website"},"primaryImageOfPage":{"@id":"https:\/\/mfpp-origami.fr\/en\/rencontres-de-mai-2014\/#primaryimage"},"image":{"@id":"https:\/\/mfpp-origami.fr\/en\/rencontres-de-mai-2014\/#primaryimage"},"thumbnailUrl":"https:\/\/mfpp-origami.fr\/media\/Notre-Dame_Trois-Epis.jpg","datePublished":"2014-01-13T16:44:09+00:00","dateModified":"2014-11-13T09:59:53+00:00","breadcrumb":{"@id":"https:\/\/mfpp-origami.fr\/en\/rencontres-de-mai-2014\/#breadcrumb"},"inLanguage":"en-US","potentialAction":[{"@type":"ReadAction","target":[["https:\/\/mfpp-origami.fr\/en\/rencontres-de-mai-2014\/"]]}]},{"@type":"ImageObject","inLanguage":"en-US","@id":"https:\/\/mfpp-origami.fr\/en\/rencontres-de-mai-2014\/#primaryimage","url":"https:\/\/mfpp-origami.fr\/media\/Notre-Dame_Trois-Epis.jpg","contentUrl":"https:\/\/mfpp-origami.fr\/media\/Notre-Dame_Trois-Epis.jpg","width":512,"height":384,"caption":"I, Cham [CC-BY-2.5 (http:\/\/creativecommons.org\/licenses\/by\/2.5)], via Wikimedia Commons"},{"@type":"BreadcrumbList","@id":"https:\/\/mfpp-origami.fr\/en\/rencontres-de-mai-2014\/#breadcrumb","itemListElement":[{"@type":"ListItem","position":1,"name":"Accueil","item":"https:\/\/mfpp-origami.fr\/en\/"},{"@type":"ListItem","position":2,"name":"MFPP Convention 2014 Colmar Trois-\u00c9pis"}]},{"@type":"WebSite","@id":"https:\/\/mfpp-origami.fr\/en\/#website","url":"https:\/\/mfpp-origami.fr\/en\/","name":"Mouvement Fran\u00e7ais des Plieurs de Papier","description":"French association for the promotion of origami","publisher":{"@id":"https:\/\/mfpp-origami.fr\/en\/#organization"},"potentialAction":[{"@type":"SearchAction","target":{"@type":"EntryPoint","urlTemplate":"https:\/\/mfpp-origami.fr\/en\/?s={search_term_string}"},"query-input":{"@type":"PropertyValueSpecification","valueRequired":true,"valueName":"search_term_string"}}],"inLanguage":"en-US"},{"@type":"Organization","@id":"https:\/\/mfpp-origami.fr\/en\/#organization","name":"Mouvement fran\u00e7ais des plieurs de papier","url":"https:\/\/mfpp-origami.fr\/en\/","logo":{"@type":"ImageObject","inLanguage":"en-US","@id":"https:\/\/mfpp-origami.fr\/en\/#\/schema\/logo\/image\/","url":"https:\/\/mfpp-origami.fr\/media\/logo_web.png","contentUrl":"https:\/\/mfpp-origami.fr\/media\/logo_web.png","width":499,"height":167,"caption":"Mouvement fran\u00e7ais des plieurs de papier"},"image":{"@id":"https:\/\/mfpp-origami.fr\/en\/#\/schema\/logo\/image\/"},"sameAs":["https:\/\/www.facebook.com\/mfpp.origami","https:\/\/www.instagram.com\/origami_mfpp\/","https:\/\/www.youtube.com\/channel\/UC72tuiSDql1EMf0oLmjvV4w"]},{"@type":"Person","@id":"https:\/\/mfpp-origami.fr\/#\/schema\/person\/f5a302601366f3f7e4fc29cb494260bc","name":"Robert Loubet","image":{"@type":"ImageObject","inLanguage":"en-US","@id":"https:\/\/mfpp-origami.fr\/wp-content\/litespeed\/avatar\/554fdeb0447a0b8a661ca2774be6c442.jpg?ver=1777222924","url":"https:\/\/mfpp-origami.fr\/wp-content\/litespeed\/avatar\/554fdeb0447a0b8a661ca2774be6c442.jpg?ver=1777222924","contentUrl":"https:\/\/mfpp-origami.fr\/wp-content\/litespeed\/avatar\/554fdeb0447a0b8a661ca2774be6c442.jpg?ver=1777222924","caption":"Robert Loubet"}}]}},"vimeo_video":null,"_links":{"self":[{"href":"https:\/\/mfpp-origami.fr\/en\/wp-json\/wp\/v2\/posts\/974","targetHints":{"allow":["GET"]}}],"collection":[{"href":"https:\/\/mfpp-origami.fr\/en\/wp-json\/wp\/v2\/posts"}],"about":[{"href":"https:\/\/mfpp-origami.fr\/en\/wp-json\/wp\/v2\/types\/post"}],"author":[{"embeddable":true,"href":"https:\/\/mfpp-origami.fr\/en\/wp-json\/wp\/v2\/users\/4"}],"replies":[{"embeddable":true,"href":"https:\/\/mfpp-origami.fr\/en\/wp-json\/wp\/v2\/comments?post=974"}],"version-history":[{"count":0,"href":"https:\/\/mfpp-origami.fr\/en\/wp-json\/wp\/v2\/posts\/974\/revisions"}],"wp:featuredmedia":[{"embeddable":true,"href":"https:\/\/mfpp-origami.fr\/en\/wp-json\/wp\/v2\/media\/1138"}],"wp:attachment":[{"href":"https:\/\/mfpp-origami.fr\/en\/wp-json\/wp\/v2\/media?parent=974"}],"wp:term":[{"taxonomy":"category","embeddable":true,"href":"https:\/\/mfpp-origami.fr\/en\/wp-json\/wp\/v2\/categories?post=974"},{"taxonomy":"post_tag","embeddable":true,"href":"https:\/\/mfpp-origami.fr\/en\/wp-json\/wp\/v2\/tags?post=974"}],"curies":[{"name":"wp","href":"https:\/\/api.w.org\/{rel}","templated":true}]}}