
{"id":5108,"date":"2019-09-27T18:39:10","date_gmt":"2019-09-27T16:39:10","guid":{"rendered":"https:\/\/mfpp-origami.fr\/?p=5108"},"modified":"2019-10-27T00:34:23","modified_gmt":"2019-10-26T22:34:23","slug":"ouverture-du-local-les-mercredis","status":"publish","type":"post","link":"https:\/\/mfpp-origami.fr\/en\/ouverture-du-local-les-mercredis\/","title":{"rendered":"The MFPP now welcomes you on Wednesdays"},"content":{"rendered":"<p>Since September, the association\u2019s office is now open to all its members every Wednesday from 2PM to&nbsp;5PM.<br> This new opening time mainly focuses on reading diagrams and is managed by Raymonde Bonnefille.<\/p>\n<p>This meeting aims both beginners and people who like complex folds and has a&nbsp;twofold organization&nbsp;:<\/p>\n<ul>\n<li>From 2PM to 4PM&nbsp;: folding from a&nbsp;diagram. It\u2019s the opportunity to release some of the thousands books of the orith\u00e8que from their slumber.<\/li>\n<li>From 4PM to 5MP&nbsp;: folding \u201caltogether\u201c a&nbsp;common model that has been discovered and folded by one of the participants.<\/li>\n<\/ul>\n<p>To participate, it is mandatory to have your membership up to date and minors must be accompanied by an&nbsp;adult.<\/p>\n<p>You can find all our opening hours at the following webpage&nbsp;: <a href=\"https:\/\/mfpp-origami.fr\/en\/lassociation\/le-local-de-lassociation\/\">The association office<\/a>.<\/p>","protected":false},"excerpt":{"rendered":"<p>%Depuis septembre, le local de l\u2019association est ouvert pour ses adh\u00e9rents le mercredi de 14 h&nbsp;\u00e0&nbsp;17&nbsp;h. Cette s\u00e9ance, anim\u00e9e par Raymonde, est consacr\u00e9e principalement \u00e0&nbsp;la lecture des diagrammes.&nbsp;<\/p>\n","protected":false},"author":1,"featured_media":5088,"comment_status":"open","ping_status":"closed","sticky":false,"template":"","format":"standard","meta":{"_acf_changed":false,"wp_typography_post_enhancements_disabled":false,"ngg_post_thumbnail":0,"__cvm_playback_settings":[],"__cvm_video_id":"","footnotes":""},"categories":[9,4],"tags":[],"class_list":["post-5108","post","type-post","status-publish","format-standard","has-post-thumbnail","hentry","category-actualites","category-le-mfpp"],"acf":[],"yoast_head":"<!-- This site is optimized with the Yoast SEO plugin v27.4 - https:\/\/yoast.com\/product\/yoast-seo-wordpress\/ -->\n<title>The MFPP now welcomes you on Wednesdays &#8211; Mouvement Fran\u00e7ais des Plieurs de Papier<\/title>\n<meta name=\"robots\" content=\"index, follow, max-snippet:-1, max-image-preview:large, max-video-preview:-1\" \/>\n<link rel=\"canonical\" href=\"https:\/\/mfpp-origami.fr\/en\/ouverture-du-local-les-mercredis\/\" \/>\n<meta property=\"og:locale\" content=\"en_US\" \/>\n<meta property=\"og:type\" content=\"article\" \/>\n<meta property=\"og:title\" content=\"The MFPP now welcomes you on Wednesdays &#8211; Mouvement Fran\u00e7ais des Plieurs de Papier\" \/>\n<meta property=\"og:description\" content=\"%Depuis septembre, le local de l\u2019association est ouvert pour ses adh\u00e9rents le mercredi de 14 h&nbsp;\u00e0 17&nbsp;h. Cette s\u00e9ance, anim\u00e9e par Raymonde, est consacr\u00e9e principalement \u00e0&nbsp;la lecture des diagrammes.&nbsp;\" \/>\n<meta property=\"og:url\" content=\"https:\/\/mfpp-origami.fr\/en\/ouverture-du-local-les-mercredis\/\" \/>\n<meta property=\"og:site_name\" content=\"Mouvement Fran\u00e7ais des Plieurs de Papier\" \/>\n<meta property=\"article:publisher\" content=\"https:\/\/www.facebook.com\/mfpp.origami\" \/>\n<meta property=\"article:published_time\" content=\"2019-09-27T16:39:10+00:00\" \/>\n<meta property=\"article:modified_time\" content=\"2019-10-26T22:34:23+00:00\" \/>\n<meta property=\"og:image\" content=\"https:\/\/mfpp-origami.fr\/media\/seance_avec_soleil_.jpg\" \/>\n\t<meta property=\"og:image:width\" content=\"1164\" \/>\n\t<meta property=\"og:image:height\" content=\"621\" \/>\n\t<meta property=\"og:image:type\" content=\"image\/jpeg\" \/>\n<meta name=\"author\" content=\"Aur\u00e8le Duda\" \/>\n<meta name=\"twitter:card\" content=\"summary_large_image\" \/>\n<meta name=\"twitter:label1\" content=\"Written by\" \/>\n\t<meta name=\"twitter:data1\" content=\"Aur\u00e8le Duda\" \/>\n\t<meta name=\"twitter:label2\" content=\"Est. reading time\" \/>\n\t<meta name=\"twitter:data2\" content=\"1 minute\" \/>\n<script type=\"application\/ld+json\" class=\"yoast-schema-graph\">{\"@context\":\"https:\\\/\\\/schema.org\",\"@graph\":[{\"@type\":\"Article\",\"@id\":\"https:\\\/\\\/mfpp-origami.fr\\\/en\\\/ouverture-du-local-les-mercredis\\\/#article\",\"isPartOf\":{\"@id\":\"https:\\\/\\\/mfpp-origami.fr\\\/en\\\/ouverture-du-local-les-mercredis\\\/\"},\"author\":{\"name\":\"Aur\u00e8le Duda\",\"@id\":\"https:\\\/\\\/mfpp-origami.fr\\\/#\\\/schema\\\/person\\\/3bb2a0efd68ceb0925a20d74724d862e\"},\"headline\":\"The MFPP now welcomes you on Wednesdays\",\"datePublished\":\"2019-09-27T16:39:10+00:00\",\"dateModified\":\"2019-10-26T22:34:23+00:00\",\"mainEntityOfPage\":{\"@id\":\"https:\\\/\\\/mfpp-origami.fr\\\/en\\\/ouverture-du-local-les-mercredis\\\/\"},\"wordCount\":295,\"commentCount\":0,\"publisher\":{\"@id\":\"https:\\\/\\\/mfpp-origami.fr\\\/#organization\"},\"image\":{\"@id\":\"https:\\\/\\\/mfpp-origami.fr\\\/en\\\/ouverture-du-local-les-mercredis\\\/#primaryimage\"},\"thumbnailUrl\":\"https:\\\/\\\/mfpp-origami.fr\\\/media\\\/seance_avec_soleil_.jpg\",\"articleSection\":[\"Latest News\",\"Le MFPP\"],\"inLanguage\":\"en-US\",\"potentialAction\":[{\"@type\":\"CommentAction\",\"name\":\"Comment\",\"target\":[\"https:\\\/\\\/mfpp-origami.fr\\\/en\\\/ouverture-du-local-les-mercredis\\\/#respond\"]}]},{\"@type\":\"WebPage\",\"@id\":\"https:\\\/\\\/mfpp-origami.fr\\\/en\\\/ouverture-du-local-les-mercredis\\\/\",\"url\":\"https:\\\/\\\/mfpp-origami.fr\\\/en\\\/ouverture-du-local-les-mercredis\\\/\",\"name\":\"The MFPP now welcomes you on Wednesdays &#8211; Mouvement Fran\u00e7ais des Plieurs de Papier\",\"isPartOf\":{\"@id\":\"https:\\\/\\\/mfpp-origami.fr\\\/en\\\/#website\"},\"primaryImageOfPage\":{\"@id\":\"https:\\\/\\\/mfpp-origami.fr\\\/en\\\/ouverture-du-local-les-mercredis\\\/#primaryimage\"},\"image\":{\"@id\":\"https:\\\/\\\/mfpp-origami.fr\\\/en\\\/ouverture-du-local-les-mercredis\\\/#primaryimage\"},\"thumbnailUrl\":\"https:\\\/\\\/mfpp-origami.fr\\\/media\\\/seance_avec_soleil_.jpg\",\"datePublished\":\"2019-09-27T16:39:10+00:00\",\"dateModified\":\"2019-10-26T22:34:23+00:00\",\"breadcrumb\":{\"@id\":\"https:\\\/\\\/mfpp-origami.fr\\\/en\\\/ouverture-du-local-les-mercredis\\\/#breadcrumb\"},\"inLanguage\":\"en-US\",\"potentialAction\":[{\"@type\":\"ReadAction\",\"target\":[[\"https:\\\/\\\/mfpp-origami.fr\\\/en\\\/ouverture-du-local-les-mercredis\\\/\"]]}]},{\"@type\":\"ImageObject\",\"inLanguage\":\"en-US\",\"@id\":\"https:\\\/\\\/mfpp-origami.fr\\\/en\\\/ouverture-du-local-les-mercredis\\\/#primaryimage\",\"url\":\"https:\\\/\\\/mfpp-origami.fr\\\/media\\\/seance_avec_soleil_.jpg\",\"contentUrl\":\"https:\\\/\\\/mfpp-origami.fr\\\/media\\\/seance_avec_soleil_.jpg\",\"width\":1164,\"height\":621},{\"@type\":\"BreadcrumbList\",\"@id\":\"https:\\\/\\\/mfpp-origami.fr\\\/en\\\/ouverture-du-local-les-mercredis\\\/#breadcrumb\",\"itemListElement\":[{\"@type\":\"ListItem\",\"position\":1,\"name\":\"Accueil\",\"item\":\"https:\\\/\\\/mfpp-origami.fr\\\/en\\\/\"},{\"@type\":\"ListItem\",\"position\":2,\"name\":\"The MFPP now welcomes you on Wednesdays\"}]},{\"@type\":\"WebSite\",\"@id\":\"https:\\\/\\\/mfpp-origami.fr\\\/en\\\/#website\",\"url\":\"https:\\\/\\\/mfpp-origami.fr\\\/en\\\/\",\"name\":\"Mouvement Fran\u00e7ais des Plieurs de Papier\",\"description\":\"French association for the promotion of origami\",\"publisher\":{\"@id\":\"https:\\\/\\\/mfpp-origami.fr\\\/en\\\/#organization\"},\"potentialAction\":[{\"@type\":\"SearchAction\",\"target\":{\"@type\":\"EntryPoint\",\"urlTemplate\":\"https:\\\/\\\/mfpp-origami.fr\\\/en\\\/?s={search_term_string}\"},\"query-input\":{\"@type\":\"PropertyValueSpecification\",\"valueRequired\":true,\"valueName\":\"search_term_string\"}}],\"inLanguage\":\"en-US\"},{\"@type\":\"Organization\",\"@id\":\"https:\\\/\\\/mfpp-origami.fr\\\/en\\\/#organization\",\"name\":\"Mouvement fran\u00e7ais des plieurs de papier\",\"url\":\"https:\\\/\\\/mfpp-origami.fr\\\/en\\\/\",\"logo\":{\"@type\":\"ImageObject\",\"inLanguage\":\"en-US\",\"@id\":\"https:\\\/\\\/mfpp-origami.fr\\\/en\\\/#\\\/schema\\\/logo\\\/image\\\/\",\"url\":\"https:\\\/\\\/mfpp-origami.fr\\\/media\\\/logo_web.png\",\"contentUrl\":\"https:\\\/\\\/mfpp-origami.fr\\\/media\\\/logo_web.png\",\"width\":499,\"height\":167,\"caption\":\"Mouvement fran\u00e7ais des plieurs de papier\"},\"image\":{\"@id\":\"https:\\\/\\\/mfpp-origami.fr\\\/en\\\/#\\\/schema\\\/logo\\\/image\\\/\"},\"sameAs\":[\"https:\\\/\\\/www.facebook.com\\\/mfpp.origami\",\"https:\\\/\\\/www.instagram.com\\\/origami_mfpp\\\/\",\"https:\\\/\\\/www.youtube.com\\\/channel\\\/UC72tuiSDql1EMf0oLmjvV4w\"]},{\"@type\":\"Person\",\"@id\":\"https:\\\/\\\/mfpp-origami.fr\\\/#\\\/schema\\\/person\\\/3bb2a0efd68ceb0925a20d74724d862e\",\"name\":\"Aur\u00e8le Duda\",\"image\":{\"@type\":\"ImageObject\",\"inLanguage\":\"en-US\",\"@id\":\"https:\\\/\\\/mfpp-origami.fr\\\/wp-content\\\/litespeed\\\/avatar\\\/7432e615cd3d3eb6f8583b4f98e05bf6.jpg?ver=1777213973\",\"url\":\"https:\\\/\\\/mfpp-origami.fr\\\/wp-content\\\/litespeed\\\/avatar\\\/7432e615cd3d3eb6f8583b4f98e05bf6.jpg?ver=1777213973\",\"contentUrl\":\"https:\\\/\\\/mfpp-origami.fr\\\/wp-content\\\/litespeed\\\/avatar\\\/7432e615cd3d3eb6f8583b4f98e05bf6.jpg?ver=1777213973\",\"caption\":\"Aur\u00e8le Duda\"},\"sameAs\":[\"https:\\\/\\\/aureleduda.com\"]}]}<\/script>\n<!-- \/ Yoast SEO plugin. -->","yoast_head_json":{"title":"The MFPP now welcomes you on Wednesdays &#8211; Mouvement Fran\u00e7ais des Plieurs de Papier","robots":{"index":"index","follow":"follow","max-snippet":"max-snippet:-1","max-image-preview":"max-image-preview:large","max-video-preview":"max-video-preview:-1"},"canonical":"https:\/\/mfpp-origami.fr\/en\/ouverture-du-local-les-mercredis\/","og_locale":"en_US","og_type":"article","og_title":"The MFPP now welcomes you on Wednesdays &#8211; Mouvement Fran\u00e7ais des Plieurs de Papier","og_description":"%Depuis septembre, le local de l\u2019association est ouvert pour ses adh\u00e9rents le mercredi de 14 h&nbsp;\u00e0 17&nbsp;h. Cette s\u00e9ance, anim\u00e9e par Raymonde, est consacr\u00e9e principalement \u00e0&nbsp;la lecture des diagrammes.&nbsp;","og_url":"https:\/\/mfpp-origami.fr\/en\/ouverture-du-local-les-mercredis\/","og_site_name":"Mouvement Fran\u00e7ais des Plieurs de Papier","article_publisher":"https:\/\/www.facebook.com\/mfpp.origami","article_published_time":"2019-09-27T16:39:10+00:00","article_modified_time":"2019-10-26T22:34:23+00:00","og_image":[{"width":1164,"height":621,"url":"https:\/\/mfpp-origami.fr\/media\/seance_avec_soleil_.jpg","type":"image\/jpeg"}],"author":"Aur\u00e8le Duda","twitter_card":"summary_large_image","twitter_misc":{"Written by":"Aur\u00e8le Duda","Est. reading time":"1 minute"},"schema":{"@context":"https:\/\/schema.org","@graph":[{"@type":"Article","@id":"https:\/\/mfpp-origami.fr\/en\/ouverture-du-local-les-mercredis\/#article","isPartOf":{"@id":"https:\/\/mfpp-origami.fr\/en\/ouverture-du-local-les-mercredis\/"},"author":{"name":"Aur\u00e8le Duda","@id":"https:\/\/mfpp-origami.fr\/#\/schema\/person\/3bb2a0efd68ceb0925a20d74724d862e"},"headline":"The MFPP now welcomes you on Wednesdays","datePublished":"2019-09-27T16:39:10+00:00","dateModified":"2019-10-26T22:34:23+00:00","mainEntityOfPage":{"@id":"https:\/\/mfpp-origami.fr\/en\/ouverture-du-local-les-mercredis\/"},"wordCount":295,"commentCount":0,"publisher":{"@id":"https:\/\/mfpp-origami.fr\/#organization"},"image":{"@id":"https:\/\/mfpp-origami.fr\/en\/ouverture-du-local-les-mercredis\/#primaryimage"},"thumbnailUrl":"https:\/\/mfpp-origami.fr\/media\/seance_avec_soleil_.jpg","articleSection":["Latest News","Le MFPP"],"inLanguage":"en-US","potentialAction":[{"@type":"CommentAction","name":"Comment","target":["https:\/\/mfpp-origami.fr\/en\/ouverture-du-local-les-mercredis\/#respond"]}]},{"@type":"WebPage","@id":"https:\/\/mfpp-origami.fr\/en\/ouverture-du-local-les-mercredis\/","url":"https:\/\/mfpp-origami.fr\/en\/ouverture-du-local-les-mercredis\/","name":"The MFPP now welcomes you on Wednesdays &#8211; Mouvement Fran\u00e7ais des Plieurs de Papier","isPartOf":{"@id":"https:\/\/mfpp-origami.fr\/en\/#website"},"primaryImageOfPage":{"@id":"https:\/\/mfpp-origami.fr\/en\/ouverture-du-local-les-mercredis\/#primaryimage"},"image":{"@id":"https:\/\/mfpp-origami.fr\/en\/ouverture-du-local-les-mercredis\/#primaryimage"},"thumbnailUrl":"https:\/\/mfpp-origami.fr\/media\/seance_avec_soleil_.jpg","datePublished":"2019-09-27T16:39:10+00:00","dateModified":"2019-10-26T22:34:23+00:00","breadcrumb":{"@id":"https:\/\/mfpp-origami.fr\/en\/ouverture-du-local-les-mercredis\/#breadcrumb"},"inLanguage":"en-US","potentialAction":[{"@type":"ReadAction","target":[["https:\/\/mfpp-origami.fr\/en\/ouverture-du-local-les-mercredis\/"]]}]},{"@type":"ImageObject","inLanguage":"en-US","@id":"https:\/\/mfpp-origami.fr\/en\/ouverture-du-local-les-mercredis\/#primaryimage","url":"https:\/\/mfpp-origami.fr\/media\/seance_avec_soleil_.jpg","contentUrl":"https:\/\/mfpp-origami.fr\/media\/seance_avec_soleil_.jpg","width":1164,"height":621},{"@type":"BreadcrumbList","@id":"https:\/\/mfpp-origami.fr\/en\/ouverture-du-local-les-mercredis\/#breadcrumb","itemListElement":[{"@type":"ListItem","position":1,"name":"Accueil","item":"https:\/\/mfpp-origami.fr\/en\/"},{"@type":"ListItem","position":2,"name":"The MFPP now welcomes you on Wednesdays"}]},{"@type":"WebSite","@id":"https:\/\/mfpp-origami.fr\/en\/#website","url":"https:\/\/mfpp-origami.fr\/en\/","name":"Mouvement Fran\u00e7ais des Plieurs de Papier","description":"French association for the promotion of origami","publisher":{"@id":"https:\/\/mfpp-origami.fr\/en\/#organization"},"potentialAction":[{"@type":"SearchAction","target":{"@type":"EntryPoint","urlTemplate":"https:\/\/mfpp-origami.fr\/en\/?s={search_term_string}"},"query-input":{"@type":"PropertyValueSpecification","valueRequired":true,"valueName":"search_term_string"}}],"inLanguage":"en-US"},{"@type":"Organization","@id":"https:\/\/mfpp-origami.fr\/en\/#organization","name":"Mouvement fran\u00e7ais des plieurs de papier","url":"https:\/\/mfpp-origami.fr\/en\/","logo":{"@type":"ImageObject","inLanguage":"en-US","@id":"https:\/\/mfpp-origami.fr\/en\/#\/schema\/logo\/image\/","url":"https:\/\/mfpp-origami.fr\/media\/logo_web.png","contentUrl":"https:\/\/mfpp-origami.fr\/media\/logo_web.png","width":499,"height":167,"caption":"Mouvement fran\u00e7ais des plieurs de papier"},"image":{"@id":"https:\/\/mfpp-origami.fr\/en\/#\/schema\/logo\/image\/"},"sameAs":["https:\/\/www.facebook.com\/mfpp.origami","https:\/\/www.instagram.com\/origami_mfpp\/","https:\/\/www.youtube.com\/channel\/UC72tuiSDql1EMf0oLmjvV4w"]},{"@type":"Person","@id":"https:\/\/mfpp-origami.fr\/#\/schema\/person\/3bb2a0efd68ceb0925a20d74724d862e","name":"Aur\u00e8le Duda","image":{"@type":"ImageObject","inLanguage":"en-US","@id":"https:\/\/mfpp-origami.fr\/wp-content\/litespeed\/avatar\/7432e615cd3d3eb6f8583b4f98e05bf6.jpg?ver=1777213973","url":"https:\/\/mfpp-origami.fr\/wp-content\/litespeed\/avatar\/7432e615cd3d3eb6f8583b4f98e05bf6.jpg?ver=1777213973","contentUrl":"https:\/\/mfpp-origami.fr\/wp-content\/litespeed\/avatar\/7432e615cd3d3eb6f8583b4f98e05bf6.jpg?ver=1777213973","caption":"Aur\u00e8le Duda"},"sameAs":["https:\/\/aureleduda.com"]}]}},"vimeo_video":null,"_links":{"self":[{"href":"https:\/\/mfpp-origami.fr\/en\/wp-json\/wp\/v2\/posts\/5108","targetHints":{"allow":["GET"]}}],"collection":[{"href":"https:\/\/mfpp-origami.fr\/en\/wp-json\/wp\/v2\/posts"}],"about":[{"href":"https:\/\/mfpp-origami.fr\/en\/wp-json\/wp\/v2\/types\/post"}],"author":[{"embeddable":true,"href":"https:\/\/mfpp-origami.fr\/en\/wp-json\/wp\/v2\/users\/1"}],"replies":[{"embeddable":true,"href":"https:\/\/mfpp-origami.fr\/en\/wp-json\/wp\/v2\/comments?post=5108"}],"version-history":[{"count":0,"href":"https:\/\/mfpp-origami.fr\/en\/wp-json\/wp\/v2\/posts\/5108\/revisions"}],"wp:featuredmedia":[{"embeddable":true,"href":"https:\/\/mfpp-origami.fr\/en\/wp-json\/wp\/v2\/media\/5088"}],"wp:attachment":[{"href":"https:\/\/mfpp-origami.fr\/en\/wp-json\/wp\/v2\/media?parent=5108"}],"wp:term":[{"taxonomy":"category","embeddable":true,"href":"https:\/\/mfpp-origami.fr\/en\/wp-json\/wp\/v2\/categories?post=5108"},{"taxonomy":"post_tag","embeddable":true,"href":"https:\/\/mfpp-origami.fr\/en\/wp-json\/wp\/v2\/tags?post=5108"}],"curies":[{"name":"wp","href":"https:\/\/api.w.org\/{rel}","templated":true}]}}