




{"id":4724,"date":"2019-01-29T08:06:28","date_gmt":"2019-01-29T07:06:28","guid":{"rendered":"http:\/\/mfpp-origami.fr\/?p=4724"},"modified":"2019-01-30T09:42:20","modified_gmt":"2019-01-30T08:42:20","slug":"rencontres2019","status":"publish","type":"post","link":"https:\/\/mfpp-origami.fr\/en\/rencontres2019\/","title":{"rendered":"Rencontres de mai 2019 at Trois-\u00c9pis (Near Colmar)"},"content":{"rendered":"<p><\/p>\n<p>Our 2019 \u201cRencontres de Mai\u201d will take place in <a title=\"site des Trois-\u00c9pis\" href=\"http:\/\/www.les-trois-epis.fr\" target=\"_blank\" rel=\"noopener\">Trois-\u00c9pis<\/a> (Alsace, close to Colmar) from May 30<sup class=\"ordinal\">th<\/sup> to June 2<sup class=\"ordinal\">nd<\/sup> in \u201cMaison d\u2019Accueil Notre-Dame des Trois-\u00c9pis\u201d. They are jointly organised with the <a title=\"Site d'Origami Alsace\" href=\"https:\/\/origami-alsace.fr\/\" target=\"_blank\" rel=\"noopener\">Origami Alsace<\/a> association.<!--more--><\/p>\n<p>This year, we will be very pleased to welcome four international guests&nbsp;: Melina Hermsen, Xi\u01ceoxi\u00e1n Hu\u00e1ng, D\u00e1\u0161a \u0160everov\u00e1, Makoto Yamaguchi.<\/p>\n<p>(Quick link to <a href=\"https:\/\/mfpp-origami.fr\/en\/rencontres2019\/\">registrations<\/a>)<\/p>\n\n\t\t<style type=\"text\/css\">\n\t\t\t#gallery-6 {\n\t\t\t\tmargin: auto;\n\t\t\t}\n\t\t\t#gallery-6 .gallery-item {\n\t\t\t\tfloat: left;\n\t\t\t\tmargin-top: 10px;\n\t\t\t\ttext-align: center;\n\t\t\t\twidth: 20%;\n\t\t\t}\n\t\t\t#gallery-6 img {\n\t\t\t\tborder: 2px solid #cfcfcf;\n\t\t\t}\n\t\t\t#gallery-6 .gallery-caption {\n\t\t\t\tmargin-left: 0;\n\t\t\t}\n\t\t\t\/* see gallery_shortcode() in wp-includes\/media.php *\/\n\t\t<\/style>\n\t\t<div id=\"gallery-6\" class=\"gallery galleryid-4724 gallery-columns-5 gallery-size-thumbnail\"><dl class=\"gallery-item\">\n\t\t\t<dt class=\"gallery-icon landscape\">\n\t\t\t\t<a href=\"https:\/\/mfpp-origami.fr\/en\/rencontres2019\/dsc_0090\/\"><img loading=\"lazy\" decoding=\"async\" width=\"150\" height=\"150\" src=\"https:\/\/mfpp-origami.fr\/media\/DSC_0090-150x150.jpg\" class=\"attachment-thumbnail size-thumbnail\" alt srcset=\"https:\/\/mfpp-origami.fr\/media\/DSC_0090-150x150.jpg 150w, https:\/\/mfpp-origami.fr\/media\/DSC_0090-450x450.jpg 450w, https:\/\/mfpp-origami.fr\/media\/DSC_0090-100x100.jpg 100w, https:\/\/mfpp-origami.fr\/media\/DSC_0090-248x248.jpg 248w\" sizes=\"auto, (max-width: 150px) 100vw, 150px\"><\/a>\n\t\t\t<\/dt><\/dl><dl class=\"gallery-item\">\n\t\t\t<dt class=\"gallery-icon landscape\">\n\t\t\t\t<a href=\"https:\/\/mfpp-origami.fr\/en\/rencontres2019\/florimont_wineck_fecht18-50\/\"><img loading=\"lazy\" decoding=\"async\" width=\"150\" height=\"150\" src=\"https:\/\/mfpp-origami.fr\/media\/Florimont_Wineck_Fecht18-50-150x150.jpg\" class=\"attachment-thumbnail size-thumbnail\" alt srcset=\"https:\/\/mfpp-origami.fr\/media\/Florimont_Wineck_Fecht18-50-150x150.jpg 150w, https:\/\/mfpp-origami.fr\/media\/Florimont_Wineck_Fecht18-50-450x450.jpg 450w, https:\/\/mfpp-origami.fr\/media\/Florimont_Wineck_Fecht18-50-100x100.jpg 100w, https:\/\/mfpp-origami.fr\/media\/Florimont_Wineck_Fecht18-50-248x248.jpg 248w\" sizes=\"auto, (max-width: 150px) 100vw, 150px\"><\/a>\n\t\t\t<\/dt><\/dl><dl class=\"gallery-item\">\n\t\t\t<dt class=\"gallery-icon landscape\">\n\t\t\t\t<a href=\"https:\/\/mfpp-origami.fr\/en\/rencontres2019\/img_8123\/\"><img loading=\"lazy\" decoding=\"async\" width=\"150\" height=\"150\" src=\"https:\/\/mfpp-origami.fr\/media\/IMG_8123-150x150.jpg\" class=\"attachment-thumbnail size-thumbnail\" alt srcset=\"https:\/\/mfpp-origami.fr\/media\/IMG_8123-150x150.jpg 150w, https:\/\/mfpp-origami.fr\/media\/IMG_8123-450x450.jpg 450w, https:\/\/mfpp-origami.fr\/media\/IMG_8123-100x100.jpg 100w, https:\/\/mfpp-origami.fr\/media\/IMG_8123-248x248.jpg 248w\" sizes=\"auto, (max-width: 150px) 100vw, 150px\"><\/a>\n\t\t\t<\/dt><\/dl>\n\t\t\t<br style=\"clear: both\">\n\t\t<\/div>\n\n<h2>The \u201cRencontres de&nbsp;Mai\u201d<\/h2>\n<p><em>Rencontres de Mai<\/em> offer privileged moments to meet and share with other paper folders.<\/p>\n<p>The timetable of this event is divided in different workshops and classes of various levers (usually four periods per day with parallel sessions), lectures or talks, as well as exhibitions of guests and participants\u201d works. There might be other highlight such as collective projects, games, visits. If you have any ideas or proposals, feel free to share them to&nbsp;us&nbsp;!<\/p>\n<p>It\u2019s also an important event for the association which organises its ordinary general meeting.<\/p>\n<p>Registration for the convention includes the access to any workshop during the booked period, a&nbsp;welcome pack that includes paper and surprise goodies as well as a&nbsp;convention booklet with diagrams from invited folders, participants and other contributors. Feel free to propose your own models to be included. Further details are available below.<\/p>\n<p>Access to workshops and classes is free within the limit of the number of available seats. You can register to workshops during the day with a&nbsp;pre-registering form, which is made public every morning when the convention opens.<\/p>\n<p>Workshops start at 9AM, except for the first day (10AM).<\/p>\n<h2>Our special guests<\/h2>\n<h3>Melina Hermsen<\/h3>\n\n\t\t<style type=\"text\/css\">\n\t\t\t#gallery-7 {\n\t\t\t\tmargin: auto;\n\t\t\t}\n\t\t\t#gallery-7 .gallery-item {\n\t\t\t\tfloat: left;\n\t\t\t\tmargin-top: 10px;\n\t\t\t\ttext-align: center;\n\t\t\t\twidth: 20%;\n\t\t\t}\n\t\t\t#gallery-7 img {\n\t\t\t\tborder: 2px solid #cfcfcf;\n\t\t\t}\n\t\t\t#gallery-7 .gallery-caption {\n\t\t\t\tmargin-left: 0;\n\t\t\t}\n\t\t\t\/* see gallery_shortcode() in wp-includes\/media.php *\/\n\t\t<\/style>\n\t\t<div id=\"gallery-7\" class=\"gallery galleryid-4724 gallery-columns-5 gallery-size-thumbnail\"><dl class=\"gallery-item\">\n\t\t\t<dt class=\"gallery-icon portrait\">\n\t\t\t\t<img loading=\"lazy\" decoding=\"async\" width=\"150\" height=\"150\" src=\"https:\/\/mfpp-origami.fr\/media\/Melina-Yureiko-Hermsen-150x150.jpg\" class=\"attachment-thumbnail size-thumbnail\" alt aria-describedby=\"gallery-7-4728\" srcset=\"https:\/\/mfpp-origami.fr\/media\/Melina-Yureiko-Hermsen-150x150.jpg 150w, https:\/\/mfpp-origami.fr\/media\/Melina-Yureiko-Hermsen-100x100.jpg 100w, https:\/\/mfpp-origami.fr\/media\/Melina-Yureiko-Hermsen-248x248.jpg 248w, https:\/\/mfpp-origami.fr\/media\/Melina-Yureiko-Hermsen-400x400.jpg 400w\" sizes=\"auto, (max-width: 150px) 100vw, 150px\">\n\t\t\t<\/dt>\n\t\t\t\t<dd class=\"wp-caption-text gallery-caption\" id=\"gallery-7-4728\">Melina Hermsen&nbsp;<\/dd><\/dl><dl class=\"gallery-item\">\n\t\t\t<dt class=\"gallery-icon portrait\">\n\t\t\t\t<img loading=\"lazy\" decoding=\"async\" width=\"150\" height=\"150\" src=\"https:\/\/mfpp-origami.fr\/media\/The-Artist-150x150.jpg\" class=\"attachment-thumbnail size-thumbnail\" alt aria-describedby=\"gallery-7-4727\" srcset=\"https:\/\/mfpp-origami.fr\/media\/The-Artist-150x150.jpg 150w, https:\/\/mfpp-origami.fr\/media\/The-Artist-450x450.jpg 450w, https:\/\/mfpp-origami.fr\/media\/The-Artist-100x100.jpg 100w, https:\/\/mfpp-origami.fr\/media\/The-Artist-248x248.jpg 248w\" sizes=\"auto, (max-width: 150px) 100vw, 150px\">\n\t\t\t<\/dt>\n\t\t\t\t<dd class=\"wp-caption-text gallery-caption\" id=\"gallery-7-4727\">The Artist&nbsp;<\/dd><\/dl><dl class=\"gallery-item\">\n\t\t\t<dt class=\"gallery-icon landscape\">\n\t\t\t\t<img loading=\"lazy\" decoding=\"async\" width=\"150\" height=\"150\" src=\"https:\/\/mfpp-origami.fr\/media\/Aus-dem-Rahmen-fallen-150x150.jpg\" class=\"attachment-thumbnail size-thumbnail\" alt aria-describedby=\"gallery-7-4729\" srcset=\"https:\/\/mfpp-origami.fr\/media\/Aus-dem-Rahmen-fallen-150x150.jpg 150w, https:\/\/mfpp-origami.fr\/media\/Aus-dem-Rahmen-fallen-scaled-450x450.jpg 450w, https:\/\/mfpp-origami.fr\/media\/Aus-dem-Rahmen-fallen-scaled-100x100.jpg 100w, https:\/\/mfpp-origami.fr\/media\/Aus-dem-Rahmen-fallen-248x248.jpg 248w\" sizes=\"auto, (max-width: 150px) 100vw, 150px\">\n\t\t\t<\/dt>\n\t\t\t\t<dd class=\"wp-caption-text gallery-caption\" id=\"gallery-7-4729\">Aus dem Rahmen Fallen&nbsp;<\/dd><\/dl><dl class=\"gallery-item\">\n\t\t\t<dt class=\"gallery-icon landscape\">\n\t\t\t\t<img loading=\"lazy\" decoding=\"async\" width=\"150\" height=\"150\" src=\"https:\/\/mfpp-origami.fr\/media\/Iimori-Flower-150x150.jpg\" class=\"attachment-thumbnail size-thumbnail\" alt aria-describedby=\"gallery-7-4730\" srcset=\"https:\/\/mfpp-origami.fr\/media\/Iimori-Flower-150x150.jpg 150w, https:\/\/mfpp-origami.fr\/media\/Iimori-Flower-450x450.jpg 450w, https:\/\/mfpp-origami.fr\/media\/Iimori-Flower-100x100.jpg 100w, https:\/\/mfpp-origami.fr\/media\/Iimori-Flower-600x600.jpg 600w, https:\/\/mfpp-origami.fr\/media\/Iimori-Flower-300x300.jpg 300w, https:\/\/mfpp-origami.fr\/media\/Iimori-Flower-768x768.jpg 768w, https:\/\/mfpp-origami.fr\/media\/Iimori-Flower-1024x1024.jpg 1024w, https:\/\/mfpp-origami.fr\/media\/Iimori-Flower-248x248.jpg 248w, https:\/\/mfpp-origami.fr\/media\/Iimori-Flower-260x260.jpg 260w, https:\/\/mfpp-origami.fr\/media\/Iimori-Flower.jpg 1600w\" sizes=\"auto, (max-width: 150px) 100vw, 150px\">\n\t\t\t<\/dt>\n\t\t\t\t<dd class=\"wp-caption-text gallery-caption\" id=\"gallery-7-4730\">Ilimori Flower&nbsp;<\/dd><\/dl>\n\t\t\t<br style=\"clear: both\">\n\t\t<\/div>\n\n<blockquote><p>I was two years old when my Japanese grandparents and my father started to fold with me. According to my mother my first model was a&nbsp;traditional crane. Since then my mother always had paper with her, so I&nbsp;could fold everywhere and I&nbsp;did exactly that. She also folded a&nbsp;lot with me and bought me my first&nbsp;book.<\/p>\n<p>It was not until 2008 that I&nbsp;found someone else to fold with. I&nbsp;met Daniel Chang and together we explored this huge universe of paper art and started to design.<\/p>\n<p>My own style and my point of view about Origami changed through time. First I&nbsp;was addicted to tessellations and still am, but nowadays I\u2019m more into free folding and sculpting the paper. I&nbsp;love the mathematical aspect of Origami and I&nbsp;love Origami as art, being creative with just one piece of&nbsp;paper.<\/p>\n<p>So over the years my art traveled around a&nbsp;bit and some pieces were part in art exhibitions around Europe as well as in Israel, USA and Canada.<\/p><\/blockquote>\n<ul>\n<li><a href=\"http:\/\/www.yureiko.de\/\">Her website<\/a><\/li>\n<\/ul>\n<p><\/p>\n<h3>Xi\u01ceoxi\u00e1n Hu\u00e1ng<\/h3>\n\n\t\t<style type=\"text\/css\">\n\t\t\t#gallery-8 {\n\t\t\t\tmargin: auto;\n\t\t\t}\n\t\t\t#gallery-8 .gallery-item {\n\t\t\t\tfloat: left;\n\t\t\t\tmargin-top: 10px;\n\t\t\t\ttext-align: center;\n\t\t\t\twidth: 20%;\n\t\t\t}\n\t\t\t#gallery-8 img {\n\t\t\t\tborder: 2px solid #cfcfcf;\n\t\t\t}\n\t\t\t#gallery-8 .gallery-caption {\n\t\t\t\tmargin-left: 0;\n\t\t\t}\n\t\t\t\/* see gallery_shortcode() in wp-includes\/media.php *\/\n\t\t<\/style>\n\t\t<div id=\"gallery-8\" class=\"gallery galleryid-4724 gallery-columns-5 gallery-size-thumbnail\"><dl class=\"gallery-item\">\n\t\t\t<dt class=\"gallery-icon landscape\">\n\t\t\t\t<img loading=\"lazy\" decoding=\"async\" width=\"150\" height=\"150\" src=\"https:\/\/mfpp-origami.fr\/media\/QQ\u037c\u01ac20190105204231-150x150.jpg\" class=\"attachment-thumbnail size-thumbnail\" alt aria-describedby=\"gallery-8-4793\" srcset=\"https:\/\/mfpp-origami.fr\/media\/QQ\u037c\u01ac20190105204231-150x150.jpg 150w, https:\/\/mfpp-origami.fr\/media\/QQ\u037c\u01ac20190105204231-scaled-450x450.jpg 450w, https:\/\/mfpp-origami.fr\/media\/QQ\u037c\u01ac20190105204231-scaled-100x100.jpg 100w, https:\/\/mfpp-origami.fr\/media\/QQ\u037c\u01ac20190105204231-248x248.jpg 248w\" sizes=\"auto, (max-width: 150px) 100vw, 150px\">\n\t\t\t<\/dt>\n\t\t\t\t<dd class=\"wp-caption-text gallery-caption\" id=\"gallery-8-4793\">Xi\u01ceoxi\u00e1n Hu\u00e1ng&nbsp;<\/dd><\/dl><dl class=\"gallery-item\">\n\t\t\t<dt class=\"gallery-icon landscape\">\n\t\t\t\t<img loading=\"lazy\" decoding=\"async\" width=\"150\" height=\"150\" src=\"https:\/\/mfpp-origami.fr\/media\/CIMG1792-cut-150x150.jpg\" class=\"attachment-thumbnail size-thumbnail\" alt aria-describedby=\"gallery-8-4791\" srcset=\"https:\/\/mfpp-origami.fr\/media\/CIMG1792-cut-150x150.jpg 150w, https:\/\/mfpp-origami.fr\/media\/CIMG1792-cut-450x450.jpg 450w, https:\/\/mfpp-origami.fr\/media\/CIMG1792-cut-100x100.jpg 100w, https:\/\/mfpp-origami.fr\/media\/CIMG1792-cut-248x248.jpg 248w\" sizes=\"auto, (max-width: 150px) 100vw, 150px\">\n\t\t\t<\/dt>\n\t\t\t\t<dd class=\"wp-caption-text gallery-caption\" id=\"gallery-8-4791\">Boating through the mountains&nbsp;<\/dd><\/dl><dl class=\"gallery-item\">\n\t\t\t<dt class=\"gallery-icon landscape\">\n\t\t\t\t<img loading=\"lazy\" decoding=\"async\" width=\"150\" height=\"150\" src=\"https:\/\/mfpp-origami.fr\/media\/CIMG1809-150x150.jpg\" class=\"attachment-thumbnail size-thumbnail\" alt aria-describedby=\"gallery-8-4792\" srcset=\"https:\/\/mfpp-origami.fr\/media\/CIMG1809-150x150.jpg 150w, https:\/\/mfpp-origami.fr\/media\/CIMG1809-450x450.jpg 450w, https:\/\/mfpp-origami.fr\/media\/CIMG1809-100x100.jpg 100w, https:\/\/mfpp-origami.fr\/media\/CIMG1809-248x248.jpg 248w\" sizes=\"auto, (max-width: 150px) 100vw, 150px\">\n\t\t\t<\/dt>\n\t\t\t\t<dd class=\"wp-caption-text gallery-caption\" id=\"gallery-8-4792\">The Magician&nbsp;<\/dd><\/dl><dl class=\"gallery-item\">\n\t\t\t<dt class=\"gallery-icon landscape\">\n\t\t\t\t<img loading=\"lazy\" decoding=\"async\" width=\"150\" height=\"150\" src=\"https:\/\/mfpp-origami.fr\/media\/\u5b54\u96c03-\u62fc-150x150.jpg\" class=\"attachment-thumbnail size-thumbnail\" alt aria-describedby=\"gallery-8-4794\" srcset=\"https:\/\/mfpp-origami.fr\/media\/\u5b54\u96c03-\u62fc-150x150.jpg 150w, https:\/\/mfpp-origami.fr\/media\/\u5b54\u96c03-\u62fc-450x450.jpg 450w, https:\/\/mfpp-origami.fr\/media\/\u5b54\u96c03-\u62fc-100x100.jpg 100w, https:\/\/mfpp-origami.fr\/media\/\u5b54\u96c03-\u62fc-248x248.jpg 248w\" sizes=\"auto, (max-width: 150px) 100vw, 150px\">\n\t\t\t<\/dt>\n\t\t\t\t<dd class=\"wp-caption-text gallery-caption\" id=\"gallery-8-4794\">Peacock&nbsp;<\/dd><\/dl>\n\t\t\t<br style=\"clear: both\">\n\t\t<\/div>\n\n<blockquote><p>I was taught paper folding when I&nbsp;was a&nbsp;child. Easy traditional paper folding is a&nbsp;common object for Chinese children.<\/p>\n<p>My grandfather, a&nbsp;primary school teacher, taught me painting and all the handwork including paper folding and paper cutting. He specially bought me a&nbsp;children\u2019s paper folding book which I&nbsp;enjoyed very much and I&nbsp;even taught the models to my primary school classmates before I&nbsp;was 10&nbsp;years old. I&nbsp;also enjoyed reading my fine art school books which contained paper folding and all kinds of art from my primary school to middle school time. Later, as a&nbsp;Chinese student, as the study burden growed heavy, I&nbsp;almost stopped all the hobbies, only did them occasionally.<\/p>\n<p>Thanks Terry Nicholas for publishing the books, that in January 2011, I&nbsp;found in online shop the Chinese translation of Best Origami series books written by him and Roman Diaz, which opened the door of a&nbsp;new world to me. I&nbsp;never thought paper folding can be so beautiful, nice, lifelike, difficult, with a&nbsp;wide range of subjects. Later I&nbsp;gradually knew more artists and their amazing models. Gradually, I&nbsp;started to design my own models.<\/p>\n<p>Thanks Joan Sallas for introducing Marieke, Nick and more folding friends to me, showing paper folding history researching, and supporting me a&nbsp;lot on diagrams drawing and so&nbsp;on.<\/p>\n<p>As I&nbsp;liked painting when I&nbsp;was a&nbsp;child, I&nbsp;focus on the color change of paper folding. Most of my models are from one piece of uncut duo-colored paper. I&nbsp;also want my models to contain some poetic meaning, not only an object. For me, if the audience enjoy the model and get an aesthetic feeling, that\u2019s enough, no matter the design is simple or complicate. Recently I&nbsp;want to design more models of Chinese subjects, or even classic Chinese ancient poems.<\/p>\n<p>As I&nbsp;like Chinese ancient history and literature, I\u2019m also researching on and want to reveal the history of Chinese paper folding during the thousand years. I\u2019m also working with some Chinese folders together to organize books\/e\u2011books of models designed by Chinese folders.<\/p>\n<p>I also hope I&nbsp;can make my own book in the future.<\/p><\/blockquote>\n<p><\/p>\n<h3>D\u00e1\u0161a \u0160everov\u00e1<\/h3>\n\n\t\t<style type=\"text\/css\">\n\t\t\t#gallery-9 {\n\t\t\t\tmargin: auto;\n\t\t\t}\n\t\t\t#gallery-9 .gallery-item {\n\t\t\t\tfloat: left;\n\t\t\t\tmargin-top: 10px;\n\t\t\t\ttext-align: center;\n\t\t\t\twidth: 20%;\n\t\t\t}\n\t\t\t#gallery-9 img {\n\t\t\t\tborder: 2px solid #cfcfcf;\n\t\t\t}\n\t\t\t#gallery-9 .gallery-caption {\n\t\t\t\tmargin-left: 0;\n\t\t\t}\n\t\t\t\/* see gallery_shortcode() in wp-includes\/media.php *\/\n\t\t<\/style>\n\t\t<div id=\"gallery-9\" class=\"gallery galleryid-4724 gallery-columns-5 gallery-size-thumbnail\"><dl class=\"gallery-item\">\n\t\t\t<dt class=\"gallery-icon landscape\">\n\t\t\t\t<img loading=\"lazy\" decoding=\"async\" width=\"150\" height=\"150\" src=\"https:\/\/mfpp-origami.fr\/media\/DSC_0111pp1-150x150.jpg\" class=\"attachment-thumbnail size-thumbnail\" alt aria-describedby=\"gallery-9-4734\" srcset=\"https:\/\/mfpp-origami.fr\/media\/DSC_0111pp1-150x150.jpg 150w, https:\/\/mfpp-origami.fr\/media\/DSC_0111pp1-scaled-450x450.jpg 450w, https:\/\/mfpp-origami.fr\/media\/DSC_0111pp1-scaled-100x100.jpg 100w, https:\/\/mfpp-origami.fr\/media\/DSC_0111pp1-248x248.jpg 248w\" sizes=\"auto, (max-width: 150px) 100vw, 150px\">\n\t\t\t<\/dt>\n\t\t\t\t<dd class=\"wp-caption-text gallery-caption\" id=\"gallery-9-4734\">D\u00e1\u0161a \u0160everov\u00e1&nbsp;<\/dd><\/dl><dl class=\"gallery-item\">\n\t\t\t<dt class=\"gallery-icon landscape\">\n\t\t\t\t<img loading=\"lazy\" decoding=\"async\" width=\"150\" height=\"150\" src=\"https:\/\/mfpp-origami.fr\/media\/108LonelyFlower2-150x150.jpg\" class=\"attachment-thumbnail size-thumbnail\" alt aria-describedby=\"gallery-9-4735\" srcset=\"https:\/\/mfpp-origami.fr\/media\/108LonelyFlower2-150x150.jpg 150w, https:\/\/mfpp-origami.fr\/media\/108LonelyFlower2-scaled-450x450.jpg 450w, https:\/\/mfpp-origami.fr\/media\/108LonelyFlower2-scaled-100x100.jpg 100w, https:\/\/mfpp-origami.fr\/media\/108LonelyFlower2-248x248.jpg 248w\" sizes=\"auto, (max-width: 150px) 100vw, 150px\">\n\t\t\t<\/dt>\n\t\t\t\t<dd class=\"wp-caption-text gallery-caption\" id=\"gallery-9-4735\">Lonely Flower&nbsp;<\/dd><\/dl><dl class=\"gallery-item\">\n\t\t\t<dt class=\"gallery-icon landscape\">\n\t\t\t\t<img loading=\"lazy\" decoding=\"async\" width=\"150\" height=\"150\" src=\"https:\/\/mfpp-origami.fr\/media\/20180408_124842pp1_1-150x150.jpg\" class=\"attachment-thumbnail size-thumbnail\" alt aria-describedby=\"gallery-9-4733\" srcset=\"https:\/\/mfpp-origami.fr\/media\/20180408_124842pp1_1-150x150.jpg 150w, https:\/\/mfpp-origami.fr\/media\/20180408_124842pp1_1-scaled-450x450.jpg 450w, https:\/\/mfpp-origami.fr\/media\/20180408_124842pp1_1-scaled-100x100.jpg 100w, https:\/\/mfpp-origami.fr\/media\/20180408_124842pp1_1-248x248.jpg 248w\" sizes=\"auto, (max-width: 150px) 100vw, 150px\">\n\t\t\t<\/dt>\n\t\t\t\t<dd class=\"wp-caption-text gallery-caption\" id=\"gallery-9-4733\">Quelques cr\u00e9ations&nbsp;<\/dd><\/dl>\n\t\t\t<br style=\"clear: both\">\n\t\t<\/div>\n\n<blockquote><p>D\u00e1\u0161a \u0160everov\u00e1 was born in Slovakia where she spent first 30&nbsp;years of her life. She studied Mathematics and Biology and was working several years as a&nbsp;highschool teacher at a&nbsp;school for gifted children. After her son was born, she moved with her family to Geneva. Already during her time in university she was amazed by modular origami when a&nbsp;friend showed her the <em>Penultimate Module<\/em> by James Planck and when she learned how easy it can be to construct different polyhedra without glue.<\/p>\n<p>Fortunately, a&nbsp;small origami group was meeting regularly in Geneva and thus she could continue to explore origami even more. The Geneva group organizes origami convention every two years. There she also met her first origami creators Roberto Gretter, Joan Sallas and Carmen Sprung, who inspired her greatly and showed her that the world of origami is even much wider than she thought. From the very beginning she was interested in geometrical origami, in models in which the beauty of the form and symmetry is strongly present.<\/p>\n<p>With the growth of the Internet as an important source of inspiration, her exploration of modular origami was soon followed by tessellations, one sheet models like boxes, stars and fractals, and also models made from paper strips. Along with all of these came her first small ideas about how to \u201cimprove\u201d or extend existing models or make her own variations. Her creative process can be shortly described as playing with paper and catching instances of beauty hidden in the forms she plays&nbsp;with.<\/p>\n<p>Many of her creations of the last 10&nbsp;years now have published diagrams, clear folding sequences delicately drawn by herself and available in her recent book \u201cOrigami Journey\u201d.<\/p>\n<p>D\u00e1\u0161a has never stopped enjoying teaching and continues doing precisely that in origami workshops. As a&nbsp;former math teacher she is also very interested in ways how to use origami in schools for better and deeper understanding of geometry. She is an enthusiast maker and loves to work with different materials like fabric, wool, metal and combine it with&nbsp;paper.<\/p>\n<p>Her enthusiasm is contagious as is her eagerness to learn and explore \u2013 this makes her origami workshops fun and inspiring to folders irrespectively of how much experience they bring&nbsp;along.<\/p><\/blockquote>\n<ul>\n<li><a href=\"https:\/\/www.flickr.com\/photos\/dasssa\/\">Her FlickR gallery<\/a><\/li>\n<\/ul>\n<p><\/p>\n<h3>Makoto Yamaguchi<\/h3>\n\n\t\t<style type=\"text\/css\">\n\t\t\t#gallery-10 {\n\t\t\t\tmargin: auto;\n\t\t\t}\n\t\t\t#gallery-10 .gallery-item {\n\t\t\t\tfloat: left;\n\t\t\t\tmargin-top: 10px;\n\t\t\t\ttext-align: center;\n\t\t\t\twidth: 20%;\n\t\t\t}\n\t\t\t#gallery-10 img {\n\t\t\t\tborder: 2px solid #cfcfcf;\n\t\t\t}\n\t\t\t#gallery-10 .gallery-caption {\n\t\t\t\tmargin-left: 0;\n\t\t\t}\n\t\t\t\/* see gallery_shortcode() in wp-includes\/media.php *\/\n\t\t<\/style>\n\t\t<div id=\"gallery-10\" class=\"gallery galleryid-4724 gallery-columns-5 gallery-size-thumbnail\"><dl class=\"gallery-item\">\n\t\t\t<dt class=\"gallery-icon portrait\">\n\t\t\t\t<img loading=\"lazy\" decoding=\"async\" width=\"150\" height=\"150\" src=\"https:\/\/mfpp-origami.fr\/media\/yamaguchi-150x150.jpg\" class=\"attachment-thumbnail size-thumbnail\" alt aria-describedby=\"gallery-10-4824\" srcset=\"https:\/\/mfpp-origami.fr\/media\/yamaguchi-150x150.jpg 150w, https:\/\/mfpp-origami.fr\/media\/yamaguchi-450x450.jpg 450w, https:\/\/mfpp-origami.fr\/media\/yamaguchi-100x100.jpg 100w, https:\/\/mfpp-origami.fr\/media\/yamaguchi-248x248.jpg 248w\" sizes=\"auto, (max-width: 150px) 100vw, 150px\">\n\t\t\t<\/dt>\n\t\t\t\t<dd class=\"wp-caption-text gallery-caption\" id=\"gallery-10-4824\">Makoto Yamaguchi&nbsp;<\/dd><\/dl><dl class=\"gallery-item\">\n\t\t\t<dt class=\"gallery-icon landscape\">\n\t\t\t\t<img loading=\"lazy\" decoding=\"async\" width=\"150\" height=\"150\" src=\"https:\/\/mfpp-origami.fr\/media\/\u9023\u7345\u5b50-150x150.jpeg\" class=\"attachment-thumbnail size-thumbnail\" alt srcset=\"https:\/\/mfpp-origami.fr\/media\/\u9023\u7345\u5b50-150x150.jpeg 150w, https:\/\/mfpp-origami.fr\/media\/\u9023\u7345\u5b50-450x450.jpeg 450w, https:\/\/mfpp-origami.fr\/media\/\u9023\u7345\u5b50-100x100.jpeg 100w, https:\/\/mfpp-origami.fr\/media\/\u9023\u7345\u5b50-248x248.jpeg 248w\" sizes=\"auto, (max-width: 150px) 100vw, 150px\">\n\t\t\t<\/dt><\/dl><dl class=\"gallery-item\">\n\t\t\t<dt class=\"gallery-icon landscape\">\n\t\t\t\t<img loading=\"lazy\" decoding=\"async\" width=\"142\" height=\"142\" src=\"https:\/\/mfpp-origami.fr\/media\/\u30d9\u30d3\u30fc\u30b7\u30e5\u30fc\u30ba.jpeg\" class=\"attachment-thumbnail size-thumbnail\" alt srcset=\"https:\/\/mfpp-origami.fr\/media\/\u30d9\u30d3\u30fc\u30b7\u30e5\u30fc\u30ba.jpeg 142w, https:\/\/mfpp-origami.fr\/media\/\u30d9\u30d3\u30fc\u30b7\u30e5\u30fc\u30ba-100x100.jpeg 100w\" sizes=\"auto, (max-width: 142px) 100vw, 142px\">\n\t\t\t<\/dt><\/dl><dl class=\"gallery-item\">\n\t\t\t<dt class=\"gallery-icon portrait\">\n\t\t\t\t<img loading=\"lazy\" decoding=\"async\" width=\"150\" height=\"150\" src=\"https:\/\/mfpp-origami.fr\/media\/44\u30c4\u30ea\u30fc02_2-\u306e\u30b3\u30d4\u30fc\u306e\u30b3\u30d4\u30fc-150x150.jpeg\" class=\"attachment-thumbnail size-thumbnail\" alt srcset=\"https:\/\/mfpp-origami.fr\/media\/44\u30c4\u30ea\u30fc02_2-\u306e\u30b3\u30d4\u30fc\u306e\u30b3\u30d4\u30fc-150x150.jpeg 150w, https:\/\/mfpp-origami.fr\/media\/44\u30c4\u30ea\u30fc02_2-\u306e\u30b3\u30d4\u30fc\u306e\u30b3\u30d4\u30fc-450x450.jpeg 450w, https:\/\/mfpp-origami.fr\/media\/44\u30c4\u30ea\u30fc02_2-\u306e\u30b3\u30d4\u30fc\u306e\u30b3\u30d4\u30fc-100x100.jpeg 100w, https:\/\/mfpp-origami.fr\/media\/44\u30c4\u30ea\u30fc02_2-\u306e\u30b3\u30d4\u30fc\u306e\u30b3\u30d4\u30fc-248x248.jpeg 248w\" sizes=\"auto, (max-width: 150px) 100vw, 150px\">\n\t\t\t<\/dt><\/dl>\n\t\t\t<br style=\"clear: both\">\n\t\t<\/div>\n\n<blockquote><p>I am now 74&nbsp;years old, but when I&nbsp;was young (in the early twenties) I&nbsp;travelled around all the western Europe. Yes, that is right&nbsp;! I&nbsp;was a&nbsp;hippie, as it was called at that time. After the long travel around Europe, where I&nbsp;had been quite a&nbsp;few times, I&nbsp;ended settling down back in&nbsp;Japan.<br> Thanks to a&nbsp;reference of an acquaintance, I&nbsp;became a&nbsp;staff member of Nippon Origami Association (NOA). For me, it was a&nbsp;great environment and I&nbsp;learned a&nbsp;lot about the origami world. A&nbsp;few years later, I&nbsp;became independent, and started Origami House. And with a&nbsp;group of young creators that gathered there, we formed the Origami Tanteidan (Detectives). That was the beginning of the organization that is now called Japan Origami Academic Society (JOAS). As I&nbsp;pro-actively participated in the overseas conventions in France, UK, Italy, USA, Korea, I&nbsp;was able to make a&nbsp;lot of good friends. In particular, I&nbsp;participated at the OrigamiUSA convention for 24 continuous years. I&nbsp;am a&nbsp;very fortunate men, blessed to have met so many great people. I&nbsp;had many failures in my life, and Origami became a&nbsp;treasure that helped me get reintroduced to the society, resulting in 130 origami book titles throughout 40 continuous years.<\/p><\/blockquote>\n<ul>\n<li><a href=\"http:\/\/www.origamihouse.jp\/\">Origami House website<\/a><\/li>\n<\/ul>\n<p><\/p>\n<h2>Registrations<\/h2>\n<p>Registrations to the&nbsp;<em>Rencontres de Mai 2019<\/em> are processed as they come and are open until Max 13<sup class=\"ordinal\">th<\/sup>&nbsp;2019.<\/p>\n<p>You can join using&nbsp;<a title=\"Formulaire d'inscription aux Rencontres de mai 2017\" href=\"http:\/\/mfpp-origami.fr\/en\/inscription-rencontres2019\/\">the online registration form<\/a> or using the&nbsp;<a href=\"http:\/\/mfpp-origami.fr\/download\/4888\">paper version<\/a>&nbsp;available in PDF format. A&nbsp;confirmation of you registration will be sent to you by email within a&nbsp;week.<\/p>\n<p>Minors must be accompanied by an adult. Please do not forget register the accompanist as&nbsp;well.<\/p>\n<h3>Payment<\/h3>\n<p>Payment can be done by cheque, bank transfer or Paypal (with a&nbsp;6% fee). Cheques are cashed once a&nbsp;month after the&nbsp;10<sup class=\"ordinal\">th<\/sup>.<\/p>\n<p><strong>Do not pay anything during the pre-registration phase<\/strong>. You will receive a&nbsp;confirmation that summarizes your order and the amount to pay to validate your registration to the convention. In case of late payment after the pre-registration, fees may be applicable.<\/p>\n<p>The fees are as follows&nbsp;:<\/p>\n\n<table id=\"tablepress-17-no-2\" class=\"tablepress tablepress-id-17\">\n<tbody class=\"row-striping row-hover\">\n<tr class=\"row-1\">\n\t<td class=\"column-1\">Registration 1&nbsp;day<\/td><td class=\"column-2\">50&nbsp;\u20ac<\/td>\n<\/tr>\n<tr class=\"row-2\">\n\t<td class=\"column-1\">Registration 2&nbsp;days<\/td><td class=\"column-2\">60&nbsp;\u20ac<\/td>\n<\/tr>\n<tr class=\"row-3\">\n\t<td class=\"column-1\">Registration 3&nbsp;days<\/td><td class=\"column-2\">75&nbsp;\u20ac<\/td>\n<\/tr>\n<tr class=\"row-4\">\n\t<td class=\"column-1\">Registration 4&nbsp;Days<\/td><td class=\"column-2\">80&nbsp;\u20ac<\/td>\n<\/tr>\n<tr class=\"row-5\">\n\t<td class=\"column-1\">MFPP Member Discount (until 2019\/03\/25)<\/td><td class=\"column-2\">-20&nbsp;\u20ac<\/td>\n<\/tr>\n<tr class=\"row-6\">\n\t<td class=\"column-1\">Late subscription fee (2019\/03\/26-\/2019\/04\/22)<\/td><td class=\"column-2\">10&nbsp;\u20ac<\/td>\n<\/tr>\n<tr class=\"row-7\">\n\t<td class=\"column-1\">Late subscription fee (2019\/04\/23\u200a\u2013\u200a2019\/05\/13)<\/td><td class=\"column-2\">20&nbsp;\u20ac<\/td>\n<\/tr>\n<\/tbody>\n<\/table>\n\n<h3>Cancellation and refund policy<\/h3>\n<p>You will be fully reimbursed for any cancellation until March 25<sup class=\"ordinal\">th<\/sup> 2019. After this date, 20\u20ac will be held until May 15<sup class=\"ordinal\">th<\/sup> 2019. Reimbursements for accommodation or meals are possible if the association find a&nbsp;replacement, or if the host bears its own costs. That is why, refunds and cancellations after March 25<sup class=\"ordinal\">th<\/sup> 2019 will be processed at the start of June&nbsp;2019&nbsp;:<\/p>\n<h2>Call for contributions&nbsp;: Convention Book<\/h2>\n<p>If you want your diagrams and crease patterns to be published in the convention book, you can submit them now, and before April 1<sup class=\"ordinal\">st<\/sup> to <a href=\"mailto:rencontres@mfpp-origami.fr?subject=Livret des Rencontres de Mai 2019\"><em>rencontres@mfpp-origami.fr<\/em><\/a>. All documents will be printed in grey scale on A4 papers. Submissions are preferably to be sent in PDF format. If you diagram is accepted, you will received a&nbsp;numeric copy of you author version of the convention book. You can also order a&nbsp;physical copy if you so&nbsp;wish.<\/p>\n<h2>Accommodation<\/h2>\n<p><strong>Colmar and Trois-\u00c9pis are both famous destinations during the Ascension, please book your accommodation as soon as possible&nbsp;!<\/strong><\/p>\n<h3>Maison d\u2019Accueil Notre-Dame des Trois-\u00c9pis<\/h3>\n<p>The&nbsp;<a href=\"http:\/\/www.ndtroisepis.fr\/maison-d-accueil.html\">Maison d\u2019Accueil Notre-Dame des Trois-\u00c9pis<\/a>&nbsp;offers up to 90 rooms including simple, double or triple bedrooms. You can chose full board or only bed and breakfast. Booking are handled by the association. The pricing grid for convention participants follows.<\/p>\n\n<table id=\"tablepress-18-no-2\" class=\"tablepress tablepress-id-18 tbody-has-connected-cells\">\n<tbody class=\"row-striping row-hover\">\n<tr class=\"row-1\">\n\t<td class=\"column-1\">Type<\/td><td class=\"column-2\">full board<\/td><td class=\"column-3\">bed<span class=\"amp\">&amp;<\/span>breakfeast<\/td>\n<\/tr>\n<tr class=\"row-2\">\n\t<td class=\"column-1\">Bed in one-bed room (unavailable)<\/td><td class=\"column-2\">64&nbsp;\u20ac<\/td><td class=\"column-3\">41&nbsp;\u20ac<\/td>\n<\/tr>\n<tr class=\"row-3\">\n\t<td class=\"column-1\">Bed in 3- or 4\u2011bed room (no more 2&nbsp;Bed-room)<\/td><td class=\"column-2\">58,50&nbsp;\u20ac<\/td><td class=\"column-3\">35&nbsp;\u20ac<\/td>\n<\/tr>\n<tr class=\"row-4\">\n\t<td colspan=\"2\" class=\"column-1\">Lunch (except full&nbsp;board)<\/td><td class=\"column-3\">15&nbsp;\u20ac<\/td>\n<\/tr>\n<tr class=\"row-5\">\n\t<td colspan=\"2\" class=\"column-1\">Dinner (except full&nbsp;board)<\/td><td class=\"column-3\">12.50&nbsp;\u20ac<\/td>\n<\/tr>\n<\/tbody>\n<\/table>\n\n<h3>Villa Rosa<\/h3>\n<p>Rooms at&nbsp;<a href=\"http:\/\/www.villarosa.fr\/\">Villa Rosa<\/a> have also been booked for participants. It is located next to the convention venue, and includes a&nbsp;pool and a&nbsp;sauna. Booking is made in a&nbsp;per-room basis for simple, double or triple-bed rooms, for the entire duration of the convention (Thursday, Friday and Saturday night). Breakfast is included.<\/p>\n\n<table id=\"tablepress-19-no-2\" class=\"tablepress tablepress-id-19\">\n<tbody class=\"row-striping row-hover\">\n<tr class=\"row-1\">\n\t<td class=\"column-1\">Type<\/td><td class=\"column-2\">3 Nuits + petits d\u00e9jeuners<\/td>\n<\/tr>\n<tr class=\"row-2\">\n\t<td class=\"column-1\">No more room available)<\/td><td class=\"column-2\"><\/td>\n<\/tr>\n<\/tbody>\n<\/table>\n\n<h3>Other places<\/h3>\n<p>You are also free to take care of your accommodation in any places you want. Please keep us informed, so that we can put through participants that are hosted in the same place if they want to. A&nbsp;shuttle will pass next to&nbsp;<a href=\"http:\/\/camping-turckheim.fr\/\"><em>Camping le M\u00e9dieval<\/em><\/a> of Turckheim (mobile-home are available) and <a href=\"https:\/\/www.hotel-bb.com\/fr\/hotels\/colmar.htm?utm_campaign=yext&amp;utm_medium=fichehotel\">B<span class=\"amp\">&amp;<\/span>B Colmar Vignobles Hotel<\/a>.<\/p>\n<p>For these housing and other places, you are responsible of booking them separately.<\/p>\n<h2>Venue<\/h2>\n<ul>\n<li><strong>By train.<\/strong> Arrival station&nbsp;<span class=\"station-title\">Colmar. A&nbsp;van shuttle will be organized by Origami Alsace to bring you to the convention venue and to bring you back to the train station. Please keep us informed if you decide to come by train, we will forward you further information about the shuttle.<\/span><\/li>\n<li><strong>By plane.<\/strong>&nbsp;<a href=\"https:\/\/www.euroairport.com\/fr\/\">EuroAirport Basel Mulhouse Freiburg<\/a> (<span class=\"LrzXr kno-fv\">EAP, MLH, BSL<\/span><span class=\"_Xbe kno-fv\">)<\/span>. Colmar bus station is reachable by bus in 1h10 (<a href=\"https:\/\/www.flixbus.fr\/voyages-car\/colmar-bale-euroairport\">FlixBus<\/a>). A&nbsp;van shuttle will be organized by Origami Alsace to bring you to the convention venue and to bring you back to the bus station. Pleas keep us informed if you decide to come by plane, we will send you further information concerning the shuttle.<\/li>\n<li><strong>By bus.<\/strong> Several buses go to Colmar from different cities. Please check directly in the bus operator websites (Flixbus, OuiBus, etc.) Bus line 25 serves Colmar and Trois-\u00c9pis. Please note that bus will not be running during holidays. Further information will be sent to you a&nbsp;few days before the convention.<\/li>\n<li><strong>Taxi.<\/strong> Here follows some taxi rate examples by les Taxis des 4&nbsp;Mus\u00e9es (<span class=\"nb-phone\"><span class=\"coord-numero noTrad\">07 70 74 17 68<\/span><\/span>) for a&nbsp;trip from Gare de Colmar to les Trois-\u00c9pis (4 people max)&nbsp;<ul>\n<li>During the day&nbsp;: \u20ac25.00<\/li>\n<li>Night and holidays rate&nbsp;: \u20ac30.00<\/li>\n<\/ul>\n<\/li>\n<li><strong>Carpooling.<\/strong> You can use the French origami forum&nbsp;<a href=\"http:\/\/pliagedepapier.com\">http:\/\/pliagedepapier.com<\/a> or inform us if you are looking for transportation using car sharing, we may be able to put you in touch with other participants from the same&nbsp;area.<\/li>\n<\/ul>\n<p>\n        <\/p><div id=\"map_ol3js_2\" class=\"osm-map-container undefined\" data-map_name=\"undefined\" data-map=\"map_ol3js_2\" data-autoshow=\"no\" style=\"width:100%;\n                    max-width:100%;\n                    height:450px;\n                    display:block;\n                    overflow:hidden;\n                    border:2px solid grey;\n                    position: relative;\">\n          <div id=\"map_ol3js_2_popup\" class=\"ol-popup\">\n            <a href=\"#\" id=\"map_ol3js_2_popup-closer\" class=\"ol-popup-closer\"><\/a>\n            <div id=\"map_ol3js_2_popup-content\"><\/div>\n          <\/div>\n        <\/div>\n    <script type=\"text\/javascript\">\n\t\t\t  vectorM['map_ol3js_2'] = [];\n\t        \n        var raster = getTileLayer(\"osm\",\"NoKey\");\t\t\t\n\n\t\t\t  var map_ol3js_2 = new ol.Map({\n\t\t\t\tinteractions: ol.interaction.defaults.defaults({mouseWheelZoom:false}),\n\t\t\t\tlayers: [raster],\n\t\t\t\ttarget: \"map_ol3js_2\",\n\t\t\t\tview: new ol.View({\n\t\t\t\t  center: ol.proj.transform([7.22943,48.09955], \"EPSG:4326\", \"EPSG:3857\"),\n\t\t\t\t  zoom: 18\n\t\t\t\t})\n\t\t\t  });\n\t\t\t  addControls2Map(map_ol3js_2,0,0,3,0,5,6,7,0,1);\nosm_addPopupClickhandler(map_ol3js_2,  \"map_ol3js_2\"); \nosm_addMouseHover(map_ol3js_2); <\/script>","protected":false},"excerpt":{"rendered":"<p>% Les Rencontres de mai 2019 auront lieu aux Trois-\u00c9pis (en Alsace, \u00e0&nbsp;proximit\u00e9 de Colmar) du 30 mai au 2&nbsp;juin 2019 dans la Maison d\u2019Accueil Notre-Dame des Trois-\u00c9pis. Elles sont organis\u00e9es en partenariat avec Origami Alsace.<\/p>\n","protected":false},"author":1,"featured_media":4773,"comment_status":"closed","ping_status":"closed","sticky":true,"template":"","format":"standard","meta":{"_acf_changed":false,"wp_typography_post_enhancements_disabled":false,"ngg_post_thumbnail":0,"__cvm_playback_settings":[],"__cvm_video_id":"","footnotes":""},"categories":[9,12,4],"tags":[],"class_list":["post-4724","post","type-post","status-publish","format-standard","has-post-thumbnail","hentry","category-actualites","category-conventions","category-le-mfpp"],"acf":[],"yoast_head":"<!-- This site is optimized with the Yoast SEO plugin v27.4 - https:\/\/yoast.com\/product\/yoast-seo-wordpress\/ -->\n<title>Rencontres de mai 2019 at Trois-\u00c9pis (Near Colmar) &#8211; Mouvement Fran\u00e7ais des Plieurs de Papier<\/title>\n<meta name=\"robots\" content=\"index, follow, max-snippet:-1, max-image-preview:large, max-video-preview:-1\" \/>\n<link rel=\"canonical\" href=\"https:\/\/mfpp-origami.fr\/en\/rencontres2019\/\" \/>\n<meta property=\"og:locale\" content=\"en_US\" \/>\n<meta property=\"og:type\" content=\"article\" \/>\n<meta property=\"og:title\" content=\"Rencontres de mai 2019 at Trois-\u00c9pis (Near Colmar) &#8211; Mouvement Fran\u00e7ais des Plieurs de Papier\" \/>\n<meta property=\"og:description\" content=\"% Les Rencontres de mai 2019 auront lieu aux Trois-\u00c9pis (en Alsace, \u00e0&nbsp;proximit\u00e9 de Colmar) du 30 mai au 2&nbsp;juin 2019 dans la Maison d\u2019Accueil Notre-Dame des Trois-\u00c9pis. Elles sont organis\u00e9es en partenariat avec Origami Alsace.\" \/>\n<meta property=\"og:url\" content=\"https:\/\/mfpp-origami.fr\/en\/rencontres2019\/\" \/>\n<meta property=\"og:site_name\" content=\"Mouvement Fran\u00e7ais des Plieurs de Papier\" \/>\n<meta property=\"article:publisher\" content=\"https:\/\/www.facebook.com\/mfpp.origami\" \/>\n<meta property=\"article:published_time\" content=\"2019-01-29T07:06:28+00:00\" \/>\n<meta property=\"article:modified_time\" content=\"2019-01-30T08:42:20+00:00\" \/>\n<meta property=\"og:image\" content=\"https:\/\/mfpp-origami.fr\/media\/IMG_8123.jpg\" \/>\n\t<meta property=\"og:image:width\" content=\"1600\" \/>\n\t<meta property=\"og:image:height\" content=\"1200\" \/>\n\t<meta property=\"og:image:type\" content=\"image\/jpeg\" \/>\n<meta name=\"author\" content=\"Aur\u00e8le Duda\" \/>\n<meta name=\"twitter:card\" content=\"summary_large_image\" \/>\n<meta name=\"twitter:label1\" content=\"Written by\" \/>\n\t<meta name=\"twitter:data1\" content=\"Aur\u00e8le Duda\" \/>\n\t<meta name=\"twitter:label2\" content=\"Est. reading time\" \/>\n\t<meta name=\"twitter:data2\" content=\"22 minutes\" \/>\n<script type=\"application\/ld+json\" class=\"yoast-schema-graph\">{\"@context\":\"https:\\\/\\\/schema.org\",\"@graph\":[{\"@type\":\"Article\",\"@id\":\"https:\\\/\\\/mfpp-origami.fr\\\/en\\\/rencontres2019\\\/#article\",\"isPartOf\":{\"@id\":\"https:\\\/\\\/mfpp-origami.fr\\\/en\\\/rencontres2019\\\/\"},\"author\":{\"name\":\"Aur\u00e8le Duda\",\"@id\":\"https:\\\/\\\/mfpp-origami.fr\\\/#\\\/schema\\\/person\\\/3bb2a0efd68ceb0925a20d74724d862e\"},\"headline\":\"Rencontres de mai 2019 at Trois-\u00c9pis (Near Colmar)\",\"datePublished\":\"2019-01-29T07:06:28+00:00\",\"dateModified\":\"2019-01-30T08:42:20+00:00\",\"mainEntityOfPage\":{\"@id\":\"https:\\\/\\\/mfpp-origami.fr\\\/en\\\/rencontres2019\\\/\"},\"wordCount\":4569,\"publisher\":{\"@id\":\"https:\\\/\\\/mfpp-origami.fr\\\/#organization\"},\"image\":{\"@id\":\"https:\\\/\\\/mfpp-origami.fr\\\/en\\\/rencontres2019\\\/#primaryimage\"},\"thumbnailUrl\":\"https:\\\/\\\/mfpp-origami.fr\\\/media\\\/IMG_8123.jpg\",\"articleSection\":[\"Latest News\",\"Conventions\",\"Le MFPP\"],\"inLanguage\":\"en-US\"},{\"@type\":\"WebPage\",\"@id\":\"https:\\\/\\\/mfpp-origami.fr\\\/en\\\/rencontres2019\\\/\",\"url\":\"https:\\\/\\\/mfpp-origami.fr\\\/en\\\/rencontres2019\\\/\",\"name\":\"Rencontres de mai 2019 at Trois-\u00c9pis (Near Colmar) &#8211; Mouvement Fran\u00e7ais des Plieurs de Papier\",\"isPartOf\":{\"@id\":\"https:\\\/\\\/mfpp-origami.fr\\\/en\\\/#website\"},\"primaryImageOfPage\":{\"@id\":\"https:\\\/\\\/mfpp-origami.fr\\\/en\\\/rencontres2019\\\/#primaryimage\"},\"image\":{\"@id\":\"https:\\\/\\\/mfpp-origami.fr\\\/en\\\/rencontres2019\\\/#primaryimage\"},\"thumbnailUrl\":\"https:\\\/\\\/mfpp-origami.fr\\\/media\\\/IMG_8123.jpg\",\"datePublished\":\"2019-01-29T07:06:28+00:00\",\"dateModified\":\"2019-01-30T08:42:20+00:00\",\"breadcrumb\":{\"@id\":\"https:\\\/\\\/mfpp-origami.fr\\\/en\\\/rencontres2019\\\/#breadcrumb\"},\"inLanguage\":\"en-US\",\"potentialAction\":[{\"@type\":\"ReadAction\",\"target\":[[\"https:\\\/\\\/mfpp-origami.fr\\\/en\\\/rencontres2019\\\/\"]]}]},{\"@type\":\"ImageObject\",\"inLanguage\":\"en-US\",\"@id\":\"https:\\\/\\\/mfpp-origami.fr\\\/en\\\/rencontres2019\\\/#primaryimage\",\"url\":\"https:\\\/\\\/mfpp-origami.fr\\\/media\\\/IMG_8123.jpg\",\"contentUrl\":\"https:\\\/\\\/mfpp-origami.fr\\\/media\\\/IMG_8123.jpg\",\"width\":1600,\"height\":1200},{\"@type\":\"BreadcrumbList\",\"@id\":\"https:\\\/\\\/mfpp-origami.fr\\\/en\\\/rencontres2019\\\/#breadcrumb\",\"itemListElement\":[{\"@type\":\"ListItem\",\"position\":1,\"name\":\"Accueil\",\"item\":\"https:\\\/\\\/mfpp-origami.fr\\\/en\\\/\"},{\"@type\":\"ListItem\",\"position\":2,\"name\":\"Rencontres de mai 2019 at Trois-\u00c9pis (Near Colmar)\"}]},{\"@type\":\"WebSite\",\"@id\":\"https:\\\/\\\/mfpp-origami.fr\\\/en\\\/#website\",\"url\":\"https:\\\/\\\/mfpp-origami.fr\\\/en\\\/\",\"name\":\"Mouvement Fran\u00e7ais des Plieurs de Papier\",\"description\":\"French association for the promotion of origami\",\"publisher\":{\"@id\":\"https:\\\/\\\/mfpp-origami.fr\\\/en\\\/#organization\"},\"potentialAction\":[{\"@type\":\"SearchAction\",\"target\":{\"@type\":\"EntryPoint\",\"urlTemplate\":\"https:\\\/\\\/mfpp-origami.fr\\\/en\\\/?s={search_term_string}\"},\"query-input\":{\"@type\":\"PropertyValueSpecification\",\"valueRequired\":true,\"valueName\":\"search_term_string\"}}],\"inLanguage\":\"en-US\"},{\"@type\":\"Organization\",\"@id\":\"https:\\\/\\\/mfpp-origami.fr\\\/en\\\/#organization\",\"name\":\"Mouvement fran\u00e7ais des plieurs de papier\",\"url\":\"https:\\\/\\\/mfpp-origami.fr\\\/en\\\/\",\"logo\":{\"@type\":\"ImageObject\",\"inLanguage\":\"en-US\",\"@id\":\"https:\\\/\\\/mfpp-origami.fr\\\/en\\\/#\\\/schema\\\/logo\\\/image\\\/\",\"url\":\"https:\\\/\\\/mfpp-origami.fr\\\/media\\\/logo_web.png\",\"contentUrl\":\"https:\\\/\\\/mfpp-origami.fr\\\/media\\\/logo_web.png\",\"width\":499,\"height\":167,\"caption\":\"Mouvement fran\u00e7ais des plieurs de papier\"},\"image\":{\"@id\":\"https:\\\/\\\/mfpp-origami.fr\\\/en\\\/#\\\/schema\\\/logo\\\/image\\\/\"},\"sameAs\":[\"https:\\\/\\\/www.facebook.com\\\/mfpp.origami\",\"https:\\\/\\\/www.instagram.com\\\/origami_mfpp\\\/\",\"https:\\\/\\\/www.youtube.com\\\/channel\\\/UC72tuiSDql1EMf0oLmjvV4w\"]},{\"@type\":\"Person\",\"@id\":\"https:\\\/\\\/mfpp-origami.fr\\\/#\\\/schema\\\/person\\\/3bb2a0efd68ceb0925a20d74724d862e\",\"name\":\"Aur\u00e8le Duda\",\"image\":{\"@type\":\"ImageObject\",\"inLanguage\":\"en-US\",\"@id\":\"https:\\\/\\\/mfpp-origami.fr\\\/wp-content\\\/litespeed\\\/avatar\\\/7432e615cd3d3eb6f8583b4f98e05bf6.jpg?ver=1777213973\",\"url\":\"https:\\\/\\\/mfpp-origami.fr\\\/wp-content\\\/litespeed\\\/avatar\\\/7432e615cd3d3eb6f8583b4f98e05bf6.jpg?ver=1777213973\",\"contentUrl\":\"https:\\\/\\\/mfpp-origami.fr\\\/wp-content\\\/litespeed\\\/avatar\\\/7432e615cd3d3eb6f8583b4f98e05bf6.jpg?ver=1777213973\",\"caption\":\"Aur\u00e8le Duda\"},\"sameAs\":[\"https:\\\/\\\/aureleduda.com\"]}]}<\/script>\n<!-- \/ Yoast SEO plugin. -->","yoast_head_json":{"title":"Rencontres de mai 2019 at Trois-\u00c9pis (Near Colmar) &#8211; Mouvement Fran\u00e7ais des Plieurs de Papier","robots":{"index":"index","follow":"follow","max-snippet":"max-snippet:-1","max-image-preview":"max-image-preview:large","max-video-preview":"max-video-preview:-1"},"canonical":"https:\/\/mfpp-origami.fr\/en\/rencontres2019\/","og_locale":"en_US","og_type":"article","og_title":"Rencontres de mai 2019 at Trois-\u00c9pis (Near Colmar) &#8211; Mouvement Fran\u00e7ais des Plieurs de Papier","og_description":"% Les Rencontres de mai 2019 auront lieu aux Trois-\u00c9pis (en Alsace, \u00e0&nbsp;proximit\u00e9 de Colmar) du 30 mai au 2&nbsp;juin 2019 dans la Maison d\u2019Accueil Notre-Dame des Trois-\u00c9pis. Elles sont organis\u00e9es en partenariat avec Origami Alsace.","og_url":"https:\/\/mfpp-origami.fr\/en\/rencontres2019\/","og_site_name":"Mouvement Fran\u00e7ais des Plieurs de Papier","article_publisher":"https:\/\/www.facebook.com\/mfpp.origami","article_published_time":"2019-01-29T07:06:28+00:00","article_modified_time":"2019-01-30T08:42:20+00:00","og_image":[{"width":1600,"height":1200,"url":"https:\/\/mfpp-origami.fr\/media\/IMG_8123.jpg","type":"image\/jpeg"}],"author":"Aur\u00e8le Duda","twitter_card":"summary_large_image","twitter_misc":{"Written by":"Aur\u00e8le Duda","Est. reading time":"22 minutes"},"schema":{"@context":"https:\/\/schema.org","@graph":[{"@type":"Article","@id":"https:\/\/mfpp-origami.fr\/en\/rencontres2019\/#article","isPartOf":{"@id":"https:\/\/mfpp-origami.fr\/en\/rencontres2019\/"},"author":{"name":"Aur\u00e8le Duda","@id":"https:\/\/mfpp-origami.fr\/#\/schema\/person\/3bb2a0efd68ceb0925a20d74724d862e"},"headline":"Rencontres de mai 2019 at Trois-\u00c9pis (Near Colmar)","datePublished":"2019-01-29T07:06:28+00:00","dateModified":"2019-01-30T08:42:20+00:00","mainEntityOfPage":{"@id":"https:\/\/mfpp-origami.fr\/en\/rencontres2019\/"},"wordCount":4569,"publisher":{"@id":"https:\/\/mfpp-origami.fr\/#organization"},"image":{"@id":"https:\/\/mfpp-origami.fr\/en\/rencontres2019\/#primaryimage"},"thumbnailUrl":"https:\/\/mfpp-origami.fr\/media\/IMG_8123.jpg","articleSection":["Latest News","Conventions","Le MFPP"],"inLanguage":"en-US"},{"@type":"WebPage","@id":"https:\/\/mfpp-origami.fr\/en\/rencontres2019\/","url":"https:\/\/mfpp-origami.fr\/en\/rencontres2019\/","name":"Rencontres de mai 2019 at Trois-\u00c9pis (Near Colmar) &#8211; Mouvement Fran\u00e7ais des Plieurs de Papier","isPartOf":{"@id":"https:\/\/mfpp-origami.fr\/en\/#website"},"primaryImageOfPage":{"@id":"https:\/\/mfpp-origami.fr\/en\/rencontres2019\/#primaryimage"},"image":{"@id":"https:\/\/mfpp-origami.fr\/en\/rencontres2019\/#primaryimage"},"thumbnailUrl":"https:\/\/mfpp-origami.fr\/media\/IMG_8123.jpg","datePublished":"2019-01-29T07:06:28+00:00","dateModified":"2019-01-30T08:42:20+00:00","breadcrumb":{"@id":"https:\/\/mfpp-origami.fr\/en\/rencontres2019\/#breadcrumb"},"inLanguage":"en-US","potentialAction":[{"@type":"ReadAction","target":[["https:\/\/mfpp-origami.fr\/en\/rencontres2019\/"]]}]},{"@type":"ImageObject","inLanguage":"en-US","@id":"https:\/\/mfpp-origami.fr\/en\/rencontres2019\/#primaryimage","url":"https:\/\/mfpp-origami.fr\/media\/IMG_8123.jpg","contentUrl":"https:\/\/mfpp-origami.fr\/media\/IMG_8123.jpg","width":1600,"height":1200},{"@type":"BreadcrumbList","@id":"https:\/\/mfpp-origami.fr\/en\/rencontres2019\/#breadcrumb","itemListElement":[{"@type":"ListItem","position":1,"name":"Accueil","item":"https:\/\/mfpp-origami.fr\/en\/"},{"@type":"ListItem","position":2,"name":"Rencontres de mai 2019 at Trois-\u00c9pis (Near Colmar)"}]},{"@type":"WebSite","@id":"https:\/\/mfpp-origami.fr\/en\/#website","url":"https:\/\/mfpp-origami.fr\/en\/","name":"Mouvement Fran\u00e7ais des Plieurs de Papier","description":"French association for the promotion of origami","publisher":{"@id":"https:\/\/mfpp-origami.fr\/en\/#organization"},"potentialAction":[{"@type":"SearchAction","target":{"@type":"EntryPoint","urlTemplate":"https:\/\/mfpp-origami.fr\/en\/?s={search_term_string}"},"query-input":{"@type":"PropertyValueSpecification","valueRequired":true,"valueName":"search_term_string"}}],"inLanguage":"en-US"},{"@type":"Organization","@id":"https:\/\/mfpp-origami.fr\/en\/#organization","name":"Mouvement fran\u00e7ais des plieurs de papier","url":"https:\/\/mfpp-origami.fr\/en\/","logo":{"@type":"ImageObject","inLanguage":"en-US","@id":"https:\/\/mfpp-origami.fr\/en\/#\/schema\/logo\/image\/","url":"https:\/\/mfpp-origami.fr\/media\/logo_web.png","contentUrl":"https:\/\/mfpp-origami.fr\/media\/logo_web.png","width":499,"height":167,"caption":"Mouvement fran\u00e7ais des plieurs de papier"},"image":{"@id":"https:\/\/mfpp-origami.fr\/en\/#\/schema\/logo\/image\/"},"sameAs":["https:\/\/www.facebook.com\/mfpp.origami","https:\/\/www.instagram.com\/origami_mfpp\/","https:\/\/www.youtube.com\/channel\/UC72tuiSDql1EMf0oLmjvV4w"]},{"@type":"Person","@id":"https:\/\/mfpp-origami.fr\/#\/schema\/person\/3bb2a0efd68ceb0925a20d74724d862e","name":"Aur\u00e8le Duda","image":{"@type":"ImageObject","inLanguage":"en-US","@id":"https:\/\/mfpp-origami.fr\/wp-content\/litespeed\/avatar\/7432e615cd3d3eb6f8583b4f98e05bf6.jpg?ver=1777213973","url":"https:\/\/mfpp-origami.fr\/wp-content\/litespeed\/avatar\/7432e615cd3d3eb6f8583b4f98e05bf6.jpg?ver=1777213973","contentUrl":"https:\/\/mfpp-origami.fr\/wp-content\/litespeed\/avatar\/7432e615cd3d3eb6f8583b4f98e05bf6.jpg?ver=1777213973","caption":"Aur\u00e8le Duda"},"sameAs":["https:\/\/aureleduda.com"]}]}},"vimeo_video":null,"_links":{"self":[{"href":"https:\/\/mfpp-origami.fr\/en\/wp-json\/wp\/v2\/posts\/4724","targetHints":{"allow":["GET"]}}],"collection":[{"href":"https:\/\/mfpp-origami.fr\/en\/wp-json\/wp\/v2\/posts"}],"about":[{"href":"https:\/\/mfpp-origami.fr\/en\/wp-json\/wp\/v2\/types\/post"}],"author":[{"embeddable":true,"href":"https:\/\/mfpp-origami.fr\/en\/wp-json\/wp\/v2\/users\/1"}],"replies":[{"embeddable":true,"href":"https:\/\/mfpp-origami.fr\/en\/wp-json\/wp\/v2\/comments?post=4724"}],"version-history":[{"count":0,"href":"https:\/\/mfpp-origami.fr\/en\/wp-json\/wp\/v2\/posts\/4724\/revisions"}],"wp:featuredmedia":[{"embeddable":true,"href":"https:\/\/mfpp-origami.fr\/en\/wp-json\/wp\/v2\/media\/4773"}],"wp:attachment":[{"href":"https:\/\/mfpp-origami.fr\/en\/wp-json\/wp\/v2\/media?parent=4724"}],"wp:term":[{"taxonomy":"category","embeddable":true,"href":"https:\/\/mfpp-origami.fr\/en\/wp-json\/wp\/v2\/categories?post=4724"},{"taxonomy":"post_tag","embeddable":true,"href":"https:\/\/mfpp-origami.fr\/en\/wp-json\/wp\/v2\/tags?post=4724"}],"curies":[{"name":"wp","href":"https:\/\/api.w.org\/{rel}","templated":true}]}}