
{"id":4431,"date":"2018-03-16T11:44:51","date_gmt":"2018-03-16T10:44:51","guid":{"rendered":"http:\/\/mfpp-origami.fr\/?p=4431"},"modified":"2018-11-05T17:51:51","modified_gmt":"2018-11-05T16:51:51","slug":"ateliers-a-theme-3","status":"publish","type":"post","link":"https:\/\/mfpp-origami.fr\/en\/ateliers-a-theme-3\/","title":{"rendered":"Les dimanches cr\u00e9atifs du MFPP 2018<br>Le Papier Sandwich"},"content":{"rendered":"<p class=\"qtranxs-available-languages-message qtranxs-available-languages-message-en\">%<\/p><p>Le prochain atelier des \u00ab<strong>&nbsp;Dimanches Cr\u00e9atifs<\/strong>&nbsp;\u00bb se d\u00e9roulera le 8&nbsp;avril et aura pour th\u00e8me la technique du <strong>papier sandwich.<\/strong>.<br> Cet atelier sera anim\u00e9 par<strong> Raymonde Bonnefille<\/strong>.<\/p>\n<p><strong>D\u00e9roulement de la journ\u00e9e&nbsp;:<\/strong><\/p>\n<ul>\n<li>Horaires&nbsp;: de 10 \u00e0&nbsp;12h et de 14 \u00e0&nbsp;16h<\/li>\n<li>Les papiers sandwich, quels mat\u00e9riaux utiliser<\/li>\n<li>avantages et inconv\u00e9nients<\/li>\n<li>Pourquoi utiliser le papier sandwich<\/li>\n<\/ul>\n<p><strong>Fournitures \u00e0&nbsp;pr\u00e9voir par les participants&nbsp;:<\/strong><\/p>\n<ul>\n<li>Fournies sur&nbsp;place<\/li>\n<\/ul>\n<p><strong>Participation aux frais 3\u20ac (<\/strong>papier, colle, \u2026)<\/p>\n<p><strong>Inscription<\/strong>&nbsp;:<\/p>\n<ul>\n<li><strong>r\u00e9serv\u00e9 \u00e0&nbsp;tous les membres du MFPP<\/strong> adultes, envoyer un mail \u00e0&nbsp;<a href=\"mailto:contact@mfpp-origami.fr?subject=Les Dimanches Cr\u00e9atifs.\">Contact-MFPP<\/a> en indiquant votre nom, pr\u00e9nom et n\u00b0 d\u2019adh\u00e9rent et pour objet \u00ab&nbsp;les dimanches cr\u00e9atifs&nbsp;\u00bb.<\/li>\n<li>Le nombre de participants est limit\u00e9 \u00e0&nbsp;6, la s\u00e9lection se fera dans l\u2019ordre des inscriptions.<\/li>\n<li>Si le nombre d\u2019inscrit est trop important, nous vous proposerons un deuxi\u00e8me atelier sur le m\u00eame&nbsp;th\u00e8me.<\/li>\n<li>Lieu&nbsp;: le local 56 rue Coriolis, 75012, paris&nbsp;12<sup class=\"ordinal\">\u00e8me<\/sup><\/li>\n<li>Horaires&nbsp;: de 10h00 \u00e0&nbsp;16h00<\/li>\n<\/ul>\n<p><strong>Restauration<\/strong>&nbsp;:<\/p>\n<ul>\n<li>nous ferons une courte pose pour ne pas finir trop tard, aussi amenez votre sandwich.\u00e0 bient\u00f4t au local, J\u00b0J\u00b0D<\/li>\n<\/ul>\n<hr>\n<p><strong>Prochains ateliers&nbsp;:<\/strong><\/p>\n<p>Les rencontres de mai approchent \u00e0&nbsp;grand pas, aussi les <strong>dimanches cr\u00e9atifs<\/strong> rependront \u00e0&nbsp;la rentr\u00e9e.<\/p>\n<p>Prochains th\u00e8mes&nbsp;: la fabrication du papier, les pliages g\u00e9ants, Inkscape\u2026<\/p>\n<p>Si vous souhaitez arborer des th\u00e8mes particuliers au cours de ces journ\u00e9es, faite nous part de vos envies&nbsp;!<\/p>\n<p>\u00e0 bient\u00f4t au local, J\u00b0J\u00b0D<\/p>","protected":false},"excerpt":{"rendered":"<p>%Le prochain atelier des \u00ab&nbsp;Dimanches Cr\u00e9atifs&nbsp;\u00bb se d\u00e9roulera le 8&nbsp;avril et aura pour th\u00e8me la technique du papier sandwich.. Cet atelier sera anim\u00e9 par Raymonde Bonnefille. D\u00e9roulement de la journ\u00e9e&nbsp;: Horaires&nbsp;: de 10 \u00e0&nbsp;12h et de 14 \u00e0&nbsp;16h Les papiers \u2026 <a href=\"https:\/\/mfpp-origami.fr\/en\/ateliers-a-theme-3\/\">Continued<\/a><\/p>\n","protected":false},"author":0,"featured_media":0,"comment_status":"open","ping_status":"closed","sticky":false,"template":"","format":"standard","meta":{"_acf_changed":false,"wp_typography_post_enhancements_disabled":false,"ngg_post_thumbnail":0,"__cvm_playback_settings":[],"__cvm_video_id":"","footnotes":""},"categories":[9,4],"tags":[],"class_list":["post-4431","post","type-post","status-publish","format-standard","hentry","category-actualites","category-le-mfpp"],"acf":[],"yoast_head":"<!-- This site is optimized with the Yoast SEO plugin v27.4 - https:\/\/yoast.com\/product\/yoast-seo-wordpress\/ -->\n<title>Les dimanches cr\u00e9atifs du MFPP 2018Le Papier Sandwich &#8211; Mouvement Fran\u00e7ais des Plieurs de Papier<\/title>\n<meta name=\"robots\" content=\"index, follow, max-snippet:-1, max-image-preview:large, max-video-preview:-1\" \/>\n<link rel=\"canonical\" href=\"https:\/\/mfpp-origami.fr\/en\/ateliers-a-theme-3\/\" \/>\n<meta property=\"og:locale\" content=\"en_US\" \/>\n<meta property=\"og:type\" content=\"article\" \/>\n<meta property=\"og:title\" content=\"Les dimanches cr\u00e9atifs du MFPP 2018Le Papier Sandwich &#8211; Mouvement Fran\u00e7ais des Plieurs de Papier\" \/>\n<meta property=\"og:description\" content=\"%Le prochain atelier des \u00ab&nbsp;Dimanches Cr\u00e9atifs&nbsp;\u00bb se d\u00e9roulera le 8&nbsp;avril et aura pour th\u00e8me la technique du papier sandwich.. Cet atelier sera anim\u00e9 par Raymonde Bonnefille. D\u00e9roulement de la journ\u00e9e&nbsp;: Horaires&nbsp;: de 10 \u00e0&nbsp;12h et de 14 \u00e0&nbsp;16h Les papiers &hellip; Continued\" \/>\n<meta property=\"og:url\" content=\"https:\/\/mfpp-origami.fr\/en\/ateliers-a-theme-3\/\" \/>\n<meta property=\"og:site_name\" content=\"Mouvement Fran\u00e7ais des Plieurs de Papier\" \/>\n<meta property=\"article:publisher\" content=\"https:\/\/www.facebook.com\/mfpp.origami\" \/>\n<meta property=\"article:published_time\" content=\"2018-03-16T10:44:51+00:00\" \/>\n<meta property=\"article:modified_time\" content=\"2018-11-05T16:51:51+00:00\" \/>\n<meta property=\"og:image\" content=\"https:\/\/mfpp-origami.fr\/media\/cropped-logo_mfpp_square512.png\" \/>\n\t<meta property=\"og:image:width\" content=\"512\" \/>\n\t<meta property=\"og:image:height\" content=\"512\" \/>\n\t<meta property=\"og:image:type\" content=\"image\/png\" \/>\n<meta name=\"twitter:card\" content=\"summary_large_image\" \/>\n<meta name=\"twitter:label1\" content=\"Est. reading time\" \/>\n\t<meta name=\"twitter:data1\" content=\"1 minute\" \/>\n<script type=\"application\/ld+json\" class=\"yoast-schema-graph\">{\"@context\":\"https:\\\/\\\/schema.org\",\"@graph\":[{\"@type\":\"Article\",\"@id\":\"https:\\\/\\\/mfpp-origami.fr\\\/en\\\/ateliers-a-theme-3\\\/#article\",\"isPartOf\":{\"@id\":\"https:\\\/\\\/mfpp-origami.fr\\\/en\\\/ateliers-a-theme-3\\\/\"},\"author\":{\"name\":\"\",\"@id\":\"\"},\"headline\":\"Les dimanches cr\u00e9atifs du MFPP 2018 Le Papier Sandwich\",\"datePublished\":\"2018-03-16T10:44:51+00:00\",\"dateModified\":\"2018-11-05T16:51:51+00:00\",\"mainEntityOfPage\":{\"@id\":\"https:\\\/\\\/mfpp-origami.fr\\\/en\\\/ateliers-a-theme-3\\\/\"},\"wordCount\":243,\"commentCount\":0,\"publisher\":{\"@id\":\"https:\\\/\\\/mfpp-origami.fr\\\/#organization\"},\"articleSection\":[\"Latest News\",\"Le MFPP\"],\"inLanguage\":\"en-US\",\"potentialAction\":[{\"@type\":\"CommentAction\",\"name\":\"Comment\",\"target\":[\"https:\\\/\\\/mfpp-origami.fr\\\/en\\\/ateliers-a-theme-3\\\/#respond\"]}]},{\"@type\":\"WebPage\",\"@id\":\"https:\\\/\\\/mfpp-origami.fr\\\/en\\\/ateliers-a-theme-3\\\/\",\"url\":\"https:\\\/\\\/mfpp-origami.fr\\\/en\\\/ateliers-a-theme-3\\\/\",\"name\":\"Les dimanches cr\u00e9atifs du MFPP 2018 Le Papier Sandwich &#8211; Mouvement Fran\u00e7ais des Plieurs de Papier\",\"isPartOf\":{\"@id\":\"https:\\\/\\\/mfpp-origami.fr\\\/en\\\/#website\"},\"datePublished\":\"2018-03-16T10:44:51+00:00\",\"dateModified\":\"2018-11-05T16:51:51+00:00\",\"breadcrumb\":{\"@id\":\"https:\\\/\\\/mfpp-origami.fr\\\/en\\\/ateliers-a-theme-3\\\/#breadcrumb\"},\"inLanguage\":\"en-US\",\"potentialAction\":[{\"@type\":\"ReadAction\",\"target\":[[\"https:\\\/\\\/mfpp-origami.fr\\\/en\\\/ateliers-a-theme-3\\\/\"]]}]},{\"@type\":\"BreadcrumbList\",\"@id\":\"https:\\\/\\\/mfpp-origami.fr\\\/en\\\/ateliers-a-theme-3\\\/#breadcrumb\",\"itemListElement\":[{\"@type\":\"ListItem\",\"position\":1,\"name\":\"Accueil\",\"item\":\"https:\\\/\\\/mfpp-origami.fr\\\/en\\\/\"},{\"@type\":\"ListItem\",\"position\":2,\"name\":\"Les dimanches cr\u00e9atifs du MFPP 2018Le Papier Sandwich\"}]},{\"@type\":\"WebSite\",\"@id\":\"https:\\\/\\\/mfpp-origami.fr\\\/en\\\/#website\",\"url\":\"https:\\\/\\\/mfpp-origami.fr\\\/en\\\/\",\"name\":\"Mouvement Fran\u00e7ais des Plieurs de Papier\",\"description\":\"French association for the promotion of origami\",\"publisher\":{\"@id\":\"https:\\\/\\\/mfpp-origami.fr\\\/en\\\/#organization\"},\"potentialAction\":[{\"@type\":\"SearchAction\",\"target\":{\"@type\":\"EntryPoint\",\"urlTemplate\":\"https:\\\/\\\/mfpp-origami.fr\\\/en\\\/?s={search_term_string}\"},\"query-input\":{\"@type\":\"PropertyValueSpecification\",\"valueRequired\":true,\"valueName\":\"search_term_string\"}}],\"inLanguage\":\"en-US\"},{\"@type\":\"Organization\",\"@id\":\"https:\\\/\\\/mfpp-origami.fr\\\/en\\\/#organization\",\"name\":\"Mouvement fran\u00e7ais des plieurs de papier\",\"url\":\"https:\\\/\\\/mfpp-origami.fr\\\/en\\\/\",\"logo\":{\"@type\":\"ImageObject\",\"inLanguage\":\"en-US\",\"@id\":\"https:\\\/\\\/mfpp-origami.fr\\\/en\\\/#\\\/schema\\\/logo\\\/image\\\/\",\"url\":\"https:\\\/\\\/mfpp-origami.fr\\\/media\\\/logo_web.png\",\"contentUrl\":\"https:\\\/\\\/mfpp-origami.fr\\\/media\\\/logo_web.png\",\"width\":499,\"height\":167,\"caption\":\"Mouvement fran\u00e7ais des plieurs de papier\"},\"image\":{\"@id\":\"https:\\\/\\\/mfpp-origami.fr\\\/en\\\/#\\\/schema\\\/logo\\\/image\\\/\"},\"sameAs\":[\"https:\\\/\\\/www.facebook.com\\\/mfpp.origami\",\"https:\\\/\\\/www.instagram.com\\\/origami_mfpp\\\/\",\"https:\\\/\\\/www.youtube.com\\\/channel\\\/UC72tuiSDql1EMf0oLmjvV4w\"]}]}<\/script>\n<!-- \/ Yoast SEO plugin. -->","yoast_head_json":{"title":"Les dimanches cr\u00e9atifs du MFPP 2018Le Papier Sandwich &#8211; Mouvement Fran\u00e7ais des Plieurs de Papier","robots":{"index":"index","follow":"follow","max-snippet":"max-snippet:-1","max-image-preview":"max-image-preview:large","max-video-preview":"max-video-preview:-1"},"canonical":"https:\/\/mfpp-origami.fr\/en\/ateliers-a-theme-3\/","og_locale":"en_US","og_type":"article","og_title":"Les dimanches cr\u00e9atifs du MFPP 2018Le Papier Sandwich &#8211; Mouvement Fran\u00e7ais des Plieurs de Papier","og_description":"%Le prochain atelier des \u00ab&nbsp;Dimanches Cr\u00e9atifs&nbsp;\u00bb se d\u00e9roulera le 8&nbsp;avril et aura pour th\u00e8me la technique du papier sandwich.. Cet atelier sera anim\u00e9 par Raymonde Bonnefille. D\u00e9roulement de la journ\u00e9e&nbsp;: Horaires&nbsp;: de 10 \u00e0&nbsp;12h et de 14 \u00e0&nbsp;16h Les papiers &hellip; Continued","og_url":"https:\/\/mfpp-origami.fr\/en\/ateliers-a-theme-3\/","og_site_name":"Mouvement Fran\u00e7ais des Plieurs de Papier","article_publisher":"https:\/\/www.facebook.com\/mfpp.origami","article_published_time":"2018-03-16T10:44:51+00:00","article_modified_time":"2018-11-05T16:51:51+00:00","og_image":[{"width":512,"height":512,"url":"https:\/\/mfpp-origami.fr\/media\/cropped-logo_mfpp_square512.png","type":"image\/png"}],"twitter_card":"summary_large_image","twitter_misc":{"Est. reading time":"1 minute"},"schema":{"@context":"https:\/\/schema.org","@graph":[{"@type":"Article","@id":"https:\/\/mfpp-origami.fr\/en\/ateliers-a-theme-3\/#article","isPartOf":{"@id":"https:\/\/mfpp-origami.fr\/en\/ateliers-a-theme-3\/"},"author":{"name":"","@id":""},"headline":"Les dimanches cr\u00e9atifs du MFPP 2018 Le Papier Sandwich","datePublished":"2018-03-16T10:44:51+00:00","dateModified":"2018-11-05T16:51:51+00:00","mainEntityOfPage":{"@id":"https:\/\/mfpp-origami.fr\/en\/ateliers-a-theme-3\/"},"wordCount":243,"commentCount":0,"publisher":{"@id":"https:\/\/mfpp-origami.fr\/#organization"},"articleSection":["Latest News","Le MFPP"],"inLanguage":"en-US","potentialAction":[{"@type":"CommentAction","name":"Comment","target":["https:\/\/mfpp-origami.fr\/en\/ateliers-a-theme-3\/#respond"]}]},{"@type":"WebPage","@id":"https:\/\/mfpp-origami.fr\/en\/ateliers-a-theme-3\/","url":"https:\/\/mfpp-origami.fr\/en\/ateliers-a-theme-3\/","name":"Les dimanches cr\u00e9atifs du MFPP 2018 Le Papier Sandwich &#8211; Mouvement Fran\u00e7ais des Plieurs de Papier","isPartOf":{"@id":"https:\/\/mfpp-origami.fr\/en\/#website"},"datePublished":"2018-03-16T10:44:51+00:00","dateModified":"2018-11-05T16:51:51+00:00","breadcrumb":{"@id":"https:\/\/mfpp-origami.fr\/en\/ateliers-a-theme-3\/#breadcrumb"},"inLanguage":"en-US","potentialAction":[{"@type":"ReadAction","target":[["https:\/\/mfpp-origami.fr\/en\/ateliers-a-theme-3\/"]]}]},{"@type":"BreadcrumbList","@id":"https:\/\/mfpp-origami.fr\/en\/ateliers-a-theme-3\/#breadcrumb","itemListElement":[{"@type":"ListItem","position":1,"name":"Accueil","item":"https:\/\/mfpp-origami.fr\/en\/"},{"@type":"ListItem","position":2,"name":"Les dimanches cr\u00e9atifs du MFPP 2018Le Papier Sandwich"}]},{"@type":"WebSite","@id":"https:\/\/mfpp-origami.fr\/en\/#website","url":"https:\/\/mfpp-origami.fr\/en\/","name":"Mouvement Fran\u00e7ais des Plieurs de Papier","description":"French association for the promotion of origami","publisher":{"@id":"https:\/\/mfpp-origami.fr\/en\/#organization"},"potentialAction":[{"@type":"SearchAction","target":{"@type":"EntryPoint","urlTemplate":"https:\/\/mfpp-origami.fr\/en\/?s={search_term_string}"},"query-input":{"@type":"PropertyValueSpecification","valueRequired":true,"valueName":"search_term_string"}}],"inLanguage":"en-US"},{"@type":"Organization","@id":"https:\/\/mfpp-origami.fr\/en\/#organization","name":"Mouvement fran\u00e7ais des plieurs de papier","url":"https:\/\/mfpp-origami.fr\/en\/","logo":{"@type":"ImageObject","inLanguage":"en-US","@id":"https:\/\/mfpp-origami.fr\/en\/#\/schema\/logo\/image\/","url":"https:\/\/mfpp-origami.fr\/media\/logo_web.png","contentUrl":"https:\/\/mfpp-origami.fr\/media\/logo_web.png","width":499,"height":167,"caption":"Mouvement fran\u00e7ais des plieurs de papier"},"image":{"@id":"https:\/\/mfpp-origami.fr\/en\/#\/schema\/logo\/image\/"},"sameAs":["https:\/\/www.facebook.com\/mfpp.origami","https:\/\/www.instagram.com\/origami_mfpp\/","https:\/\/www.youtube.com\/channel\/UC72tuiSDql1EMf0oLmjvV4w"]}]}},"vimeo_video":null,"_links":{"self":[{"href":"https:\/\/mfpp-origami.fr\/en\/wp-json\/wp\/v2\/posts\/4431","targetHints":{"allow":["GET"]}}],"collection":[{"href":"https:\/\/mfpp-origami.fr\/en\/wp-json\/wp\/v2\/posts"}],"about":[{"href":"https:\/\/mfpp-origami.fr\/en\/wp-json\/wp\/v2\/types\/post"}],"replies":[{"embeddable":true,"href":"https:\/\/mfpp-origami.fr\/en\/wp-json\/wp\/v2\/comments?post=4431"}],"version-history":[{"count":0,"href":"https:\/\/mfpp-origami.fr\/en\/wp-json\/wp\/v2\/posts\/4431\/revisions"}],"wp:attachment":[{"href":"https:\/\/mfpp-origami.fr\/en\/wp-json\/wp\/v2\/media?parent=4431"}],"wp:term":[{"taxonomy":"category","embeddable":true,"href":"https:\/\/mfpp-origami.fr\/en\/wp-json\/wp\/v2\/categories?post=4431"},{"taxonomy":"post_tag","embeddable":true,"href":"https:\/\/mfpp-origami.fr\/en\/wp-json\/wp\/v2\/tags?post=4431"}],"curies":[{"name":"wp","href":"https:\/\/api.w.org\/{rel}","templated":true}]}}