
{"id":4106,"date":"2017-06-06T09:42:02","date_gmt":"2017-06-06T08:42:02","guid":{"rendered":"http:\/\/mfpp-origami.fr\/?p=4106"},"modified":"2017-06-08T08:21:00","modified_gmt":"2017-06-08T07:21:00","slug":"vol2-origami-du-vivant","status":"publish","type":"post","link":"https:\/\/mfpp-origami.fr\/en\/vol2-origami-du-vivant\/","title":{"rendered":"Origami du vivant"},"content":{"rendered":"<p class=\"qtranxs-available-languages-message qtranxs-available-languages-message-en\">%<\/p><p>Le MFPP a&nbsp;le plaisir de vous annoncer la parution d\u2019<em>Origami du vivant. Pliages du monde qui bouge, nage ou vole<\/em>, deuxi\u00e8me volume de la collection \u00ab&nbsp;L\u2019art du pliage de papier \u2013 Techniques et pratiques de l\u2019origami&nbsp;\u00bb \u00e0&nbsp;l\u2019initiative de Michel Lucas.<!--more--><\/p>\n<p>LUCAS, Michel \u00e9d. <em>Origami du vivant. Pliages du monde qui bouge, nage ou vole<\/em>. Paris, Mouvement fran\u00e7ais des plieurs de papier, 2017.&nbsp;L\u2019art du pliage de papier \u2013 Techniques et pratiques de l\u2019origami, vol. 2. ISBN&nbsp;: 978\u200a\u2013\u200a2\u20119556489\u200a\u2013\u200a1\u20119.<\/p>\n<h3>Sommaire<\/h3>\n<ul>\n<li>Jean-Michel Lucas, <em>Baleine<\/em><\/li>\n<li>Jean-Jacques Delalandre, <em>Renard<\/em><\/li>\n<li>Fabrice Mouharthem, <em>Canard en&nbsp;vol<\/em><\/li>\n<li>C\u00e9dric Cavali\u00e9, <em>Chien Chow-chow<\/em><\/li>\n<li>Alain Georgeot, <em>Masque \u00e0&nbsp;oreilles d\u2019\u00e2ne tirant la langue<\/em><\/li>\n<li>St\u00e9phane Gigandet, <em>Grenouille debout<\/em><\/li>\n<li>\u00c9ric Vigier, <em>Le Lapin<\/em><\/li>\n<li>Barth Dunkan, <em>Oiseau de Marjan<\/em><\/li>\n<li>Christophe Curat, <em>P\u2019tit Oiseau<\/em><\/li>\n<li>Chtick, <em>Paon<\/em><\/li>\n<li>Yannick Gardin, <em>Poisson<\/em><\/li>\n<li>Luc Marnat, <em>Requin L\u00e9opard<\/em><\/li>\n<li>Lucien Derainne, <em>Coureur<\/em><\/li>\n<li>Gilles Hollebeke, <em>Enveloppe Chauve-souris<\/em><\/li>\n<li>Yann Mouget, <em>Moufette<\/em><\/li>\n<li>Mathieu Gueros, <em>P\u00e9gase<\/em><\/li>\n<li>Jacques Arcambal, <em>Taureau<\/em><\/li>\n<li>S\u00e9bastien Limet, <em>Ar\u00eates de poisson<\/em><\/li>\n<li>Guillaume Denis, <em>Histoire de l\u2019origami, deuxi\u00e8me partie<\/em><\/li>\n<li>Michel Lucas, <em>Projet aveuglami. Feuille de&nbsp;route<\/em><\/li>\n<\/ul>\n<p><a href=\"http:\/\/mfpp-origami.fr\/vol2-origami-du-vivant\/modeles_origami_du_vivant\/\"><img loading=\"lazy\" decoding=\"async\" class=\"aligncenter wp-image-4116 size-medium\" src=\"http:\/\/mfpp-origami.fr\/media\/modeles_origami_du_vivant-300x258.jpg\" alt width=\"300\" height=\"258\" srcset=\"https:\/\/mfpp-origami.fr\/media\/modeles_origami_du_vivant-300x258.jpg 300w, https:\/\/mfpp-origami.fr\/media\/modeles_origami_du_vivant-600x516.jpg 600w, https:\/\/mfpp-origami.fr\/media\/modeles_origami_du_vivant-150x129.jpg 150w, https:\/\/mfpp-origami.fr\/media\/modeles_origami_du_vivant-260x223.jpg 260w, https:\/\/mfpp-origami.fr\/media\/modeles_origami_du_vivant.jpg 689w\" sizes=\"auto, (max-width: 300px) 100vw, 300px\"><\/a><\/p>\n<h3>O\u00f9 trouver Origami du vivant&nbsp;?<\/h3>\n<p>Vous pouvez acheter directement le livret au <a href=\"http:\/\/mfpp-origami.fr\/accueil\/contact\/\">local de l\u2019association<\/a> lors de ses ouvertures, lors des \u00e9v\u00e9nements organis\u00e9s par l\u2019association ou les stands qu\u2019elle anime.<\/p>\n<p>Vous pouvez aussi le commander <a href=\"http:\/\/mfpp-origami.fr\/accueil\/contact\/\">par mail ou par courrier<\/a> en envoyant le&nbsp;<a href=\"http:\/\/mfpp-origami.fr\/download\/4113\/\">bon de commande<\/a> rempli et accompagn\u00e9 du r\u00e8glement.<\/p>\n<p>[Download not&nbsp;found]<\/p>","protected":false},"excerpt":{"rendered":"<p>%Le MFPP a&nbsp;le plaisir de vous annoncer la parution d\u2019Origami du vivant. Pliages du monde qui bouge, nage ou vole, deuxi\u00e8me volume de la collection \u00ab&nbsp;L\u2019art du pliage de papier \u2013 Techniques et pratiques de l\u2019origami&nbsp;\u00bb \u00e0&nbsp;l\u2019initiative de Michel Lucas.<\/p>\n","protected":false},"author":1,"featured_media":4112,"comment_status":"open","ping_status":"closed","sticky":false,"template":"","format":"standard","meta":{"_acf_changed":false,"wp_typography_post_enhancements_disabled":false,"ngg_post_thumbnail":0,"__cvm_playback_settings":[],"__cvm_video_id":"","footnotes":""},"categories":[9,3,4],"tags":[],"class_list":["post-4106","post","type-post","status-publish","format-standard","has-post-thumbnail","hentry","category-actualites","category-lorigami","category-le-mfpp"],"acf":[],"yoast_head":"<!-- This site is optimized with the Yoast SEO plugin v27.4 - https:\/\/yoast.com\/product\/yoast-seo-wordpress\/ -->\n<title>Origami du vivant  &#8211; Mouvement Fran\u00e7ais des Plieurs de Papier<\/title>\n<meta name=\"robots\" content=\"index, follow, max-snippet:-1, max-image-preview:large, max-video-preview:-1\" \/>\n<link rel=\"canonical\" href=\"https:\/\/mfpp-origami.fr\/en\/vol2-origami-du-vivant\/\" \/>\n<meta property=\"og:locale\" content=\"en_US\" \/>\n<meta property=\"og:type\" content=\"article\" \/>\n<meta property=\"og:title\" content=\"Origami du vivant  &#8211; Mouvement Fran\u00e7ais des Plieurs de Papier\" \/>\n<meta property=\"og:description\" content=\"%Le MFPP a&nbsp;le plaisir de vous annoncer la parution d\u2019Origami du vivant. Pliages du monde qui bouge, nage ou vole, deuxi\u00e8me volume de la collection \u00ab&nbsp;L\u2019art du pliage de papier \u2013 Techniques et pratiques de l\u2019origami&nbsp;\u00bb \u00e0&nbsp;l\u2019initiative de Michel Lucas.\" \/>\n<meta property=\"og:url\" content=\"https:\/\/mfpp-origami.fr\/en\/vol2-origami-du-vivant\/\" \/>\n<meta property=\"og:site_name\" content=\"Mouvement Fran\u00e7ais des Plieurs de Papier\" \/>\n<meta property=\"article:publisher\" content=\"https:\/\/www.facebook.com\/mfpp.origami\" \/>\n<meta property=\"article:published_time\" content=\"2017-06-06T08:42:02+00:00\" \/>\n<meta property=\"article:modified_time\" content=\"2017-06-08T07:21:00+00:00\" \/>\n<meta property=\"og:image\" content=\"https:\/\/mfpp-origami.fr\/media\/vol2-couverture.jpg\" \/>\n\t<meta property=\"og:image:width\" content=\"794\" \/>\n\t<meta property=\"og:image:height\" content=\"1123\" \/>\n\t<meta property=\"og:image:type\" content=\"image\/jpeg\" \/>\n<meta name=\"author\" content=\"Aur\u00e8le Duda\" \/>\n<meta name=\"twitter:card\" content=\"summary_large_image\" \/>\n<meta name=\"twitter:label1\" content=\"Written by\" \/>\n\t<meta name=\"twitter:data1\" content=\"Aur\u00e8le Duda\" \/>\n\t<meta name=\"twitter:label2\" content=\"Est. reading time\" \/>\n\t<meta name=\"twitter:data2\" content=\"1 minute\" \/>\n<script type=\"application\/ld+json\" class=\"yoast-schema-graph\">{\"@context\":\"https:\\\/\\\/schema.org\",\"@graph\":[{\"@type\":\"Article\",\"@id\":\"https:\\\/\\\/mfpp-origami.fr\\\/en\\\/vol2-origami-du-vivant\\\/#article\",\"isPartOf\":{\"@id\":\"https:\\\/\\\/mfpp-origami.fr\\\/en\\\/vol2-origami-du-vivant\\\/\"},\"author\":{\"name\":\"Aur\u00e8le Duda\",\"@id\":\"https:\\\/\\\/mfpp-origami.fr\\\/#\\\/schema\\\/person\\\/3bb2a0efd68ceb0925a20d74724d862e\"},\"headline\":\"Origami du vivant\",\"datePublished\":\"2017-06-06T08:42:02+00:00\",\"dateModified\":\"2017-06-08T07:21:00+00:00\",\"mainEntityOfPage\":{\"@id\":\"https:\\\/\\\/mfpp-origami.fr\\\/en\\\/vol2-origami-du-vivant\\\/\"},\"wordCount\":244,\"commentCount\":0,\"publisher\":{\"@id\":\"https:\\\/\\\/mfpp-origami.fr\\\/#organization\"},\"image\":{\"@id\":\"https:\\\/\\\/mfpp-origami.fr\\\/en\\\/vol2-origami-du-vivant\\\/#primaryimage\"},\"thumbnailUrl\":\"https:\\\/\\\/mfpp-origami.fr\\\/media\\\/vol2-couverture.jpg\",\"articleSection\":[\"Latest News\",\"L'Origami\",\"Le MFPP\"],\"inLanguage\":\"en-US\",\"potentialAction\":[{\"@type\":\"CommentAction\",\"name\":\"Comment\",\"target\":[\"https:\\\/\\\/mfpp-origami.fr\\\/en\\\/vol2-origami-du-vivant\\\/#respond\"]}]},{\"@type\":\"WebPage\",\"@id\":\"https:\\\/\\\/mfpp-origami.fr\\\/en\\\/vol2-origami-du-vivant\\\/\",\"url\":\"https:\\\/\\\/mfpp-origami.fr\\\/en\\\/vol2-origami-du-vivant\\\/\",\"name\":\"Origami du vivant  &#8211; Mouvement Fran\u00e7ais des Plieurs de Papier\",\"isPartOf\":{\"@id\":\"https:\\\/\\\/mfpp-origami.fr\\\/en\\\/#website\"},\"primaryImageOfPage\":{\"@id\":\"https:\\\/\\\/mfpp-origami.fr\\\/en\\\/vol2-origami-du-vivant\\\/#primaryimage\"},\"image\":{\"@id\":\"https:\\\/\\\/mfpp-origami.fr\\\/en\\\/vol2-origami-du-vivant\\\/#primaryimage\"},\"thumbnailUrl\":\"https:\\\/\\\/mfpp-origami.fr\\\/media\\\/vol2-couverture.jpg\",\"datePublished\":\"2017-06-06T08:42:02+00:00\",\"dateModified\":\"2017-06-08T07:21:00+00:00\",\"breadcrumb\":{\"@id\":\"https:\\\/\\\/mfpp-origami.fr\\\/en\\\/vol2-origami-du-vivant\\\/#breadcrumb\"},\"inLanguage\":\"en-US\",\"potentialAction\":[{\"@type\":\"ReadAction\",\"target\":[[\"https:\\\/\\\/mfpp-origami.fr\\\/en\\\/vol2-origami-du-vivant\\\/\"]]}]},{\"@type\":\"ImageObject\",\"inLanguage\":\"en-US\",\"@id\":\"https:\\\/\\\/mfpp-origami.fr\\\/en\\\/vol2-origami-du-vivant\\\/#primaryimage\",\"url\":\"https:\\\/\\\/mfpp-origami.fr\\\/media\\\/vol2-couverture.jpg\",\"contentUrl\":\"https:\\\/\\\/mfpp-origami.fr\\\/media\\\/vol2-couverture.jpg\",\"width\":794,\"height\":1123},{\"@type\":\"BreadcrumbList\",\"@id\":\"https:\\\/\\\/mfpp-origami.fr\\\/en\\\/vol2-origami-du-vivant\\\/#breadcrumb\",\"itemListElement\":[{\"@type\":\"ListItem\",\"position\":1,\"name\":\"Accueil\",\"item\":\"https:\\\/\\\/mfpp-origami.fr\\\/en\\\/\"},{\"@type\":\"ListItem\",\"position\":2,\"name\":\"Origami du vivant\"}]},{\"@type\":\"WebSite\",\"@id\":\"https:\\\/\\\/mfpp-origami.fr\\\/en\\\/#website\",\"url\":\"https:\\\/\\\/mfpp-origami.fr\\\/en\\\/\",\"name\":\"Mouvement Fran\u00e7ais des Plieurs de Papier\",\"description\":\"French association for the promotion of origami\",\"publisher\":{\"@id\":\"https:\\\/\\\/mfpp-origami.fr\\\/en\\\/#organization\"},\"potentialAction\":[{\"@type\":\"SearchAction\",\"target\":{\"@type\":\"EntryPoint\",\"urlTemplate\":\"https:\\\/\\\/mfpp-origami.fr\\\/en\\\/?s={search_term_string}\"},\"query-input\":{\"@type\":\"PropertyValueSpecification\",\"valueRequired\":true,\"valueName\":\"search_term_string\"}}],\"inLanguage\":\"en-US\"},{\"@type\":\"Organization\",\"@id\":\"https:\\\/\\\/mfpp-origami.fr\\\/en\\\/#organization\",\"name\":\"Mouvement fran\u00e7ais des plieurs de papier\",\"url\":\"https:\\\/\\\/mfpp-origami.fr\\\/en\\\/\",\"logo\":{\"@type\":\"ImageObject\",\"inLanguage\":\"en-US\",\"@id\":\"https:\\\/\\\/mfpp-origami.fr\\\/en\\\/#\\\/schema\\\/logo\\\/image\\\/\",\"url\":\"https:\\\/\\\/mfpp-origami.fr\\\/media\\\/logo_web.png\",\"contentUrl\":\"https:\\\/\\\/mfpp-origami.fr\\\/media\\\/logo_web.png\",\"width\":499,\"height\":167,\"caption\":\"Mouvement fran\u00e7ais des plieurs de papier\"},\"image\":{\"@id\":\"https:\\\/\\\/mfpp-origami.fr\\\/en\\\/#\\\/schema\\\/logo\\\/image\\\/\"},\"sameAs\":[\"https:\\\/\\\/www.facebook.com\\\/mfpp.origami\",\"https:\\\/\\\/www.instagram.com\\\/origami_mfpp\\\/\",\"https:\\\/\\\/www.youtube.com\\\/channel\\\/UC72tuiSDql1EMf0oLmjvV4w\"]},{\"@type\":\"Person\",\"@id\":\"https:\\\/\\\/mfpp-origami.fr\\\/#\\\/schema\\\/person\\\/3bb2a0efd68ceb0925a20d74724d862e\",\"name\":\"Aur\u00e8le Duda\",\"image\":{\"@type\":\"ImageObject\",\"inLanguage\":\"en-US\",\"@id\":\"https:\\\/\\\/mfpp-origami.fr\\\/wp-content\\\/litespeed\\\/avatar\\\/7432e615cd3d3eb6f8583b4f98e05bf6.jpg?ver=1777213973\",\"url\":\"https:\\\/\\\/mfpp-origami.fr\\\/wp-content\\\/litespeed\\\/avatar\\\/7432e615cd3d3eb6f8583b4f98e05bf6.jpg?ver=1777213973\",\"contentUrl\":\"https:\\\/\\\/mfpp-origami.fr\\\/wp-content\\\/litespeed\\\/avatar\\\/7432e615cd3d3eb6f8583b4f98e05bf6.jpg?ver=1777213973\",\"caption\":\"Aur\u00e8le Duda\"},\"sameAs\":[\"https:\\\/\\\/aureleduda.com\"]}]}<\/script>\n<!-- \/ Yoast SEO plugin. -->","yoast_head_json":{"title":"Origami du vivant  &#8211; Mouvement Fran\u00e7ais des Plieurs de Papier","robots":{"index":"index","follow":"follow","max-snippet":"max-snippet:-1","max-image-preview":"max-image-preview:large","max-video-preview":"max-video-preview:-1"},"canonical":"https:\/\/mfpp-origami.fr\/en\/vol2-origami-du-vivant\/","og_locale":"en_US","og_type":"article","og_title":"Origami du vivant  &#8211; Mouvement Fran\u00e7ais des Plieurs de Papier","og_description":"%Le MFPP a&nbsp;le plaisir de vous annoncer la parution d\u2019Origami du vivant. Pliages du monde qui bouge, nage ou vole, deuxi\u00e8me volume de la collection \u00ab&nbsp;L\u2019art du pliage de papier \u2013 Techniques et pratiques de l\u2019origami&nbsp;\u00bb \u00e0&nbsp;l\u2019initiative de Michel Lucas.","og_url":"https:\/\/mfpp-origami.fr\/en\/vol2-origami-du-vivant\/","og_site_name":"Mouvement Fran\u00e7ais des Plieurs de Papier","article_publisher":"https:\/\/www.facebook.com\/mfpp.origami","article_published_time":"2017-06-06T08:42:02+00:00","article_modified_time":"2017-06-08T07:21:00+00:00","og_image":[{"width":794,"height":1123,"url":"https:\/\/mfpp-origami.fr\/media\/vol2-couverture.jpg","type":"image\/jpeg"}],"author":"Aur\u00e8le Duda","twitter_card":"summary_large_image","twitter_misc":{"Written by":"Aur\u00e8le Duda","Est. reading time":"1 minute"},"schema":{"@context":"https:\/\/schema.org","@graph":[{"@type":"Article","@id":"https:\/\/mfpp-origami.fr\/en\/vol2-origami-du-vivant\/#article","isPartOf":{"@id":"https:\/\/mfpp-origami.fr\/en\/vol2-origami-du-vivant\/"},"author":{"name":"Aur\u00e8le Duda","@id":"https:\/\/mfpp-origami.fr\/#\/schema\/person\/3bb2a0efd68ceb0925a20d74724d862e"},"headline":"Origami du vivant","datePublished":"2017-06-06T08:42:02+00:00","dateModified":"2017-06-08T07:21:00+00:00","mainEntityOfPage":{"@id":"https:\/\/mfpp-origami.fr\/en\/vol2-origami-du-vivant\/"},"wordCount":244,"commentCount":0,"publisher":{"@id":"https:\/\/mfpp-origami.fr\/#organization"},"image":{"@id":"https:\/\/mfpp-origami.fr\/en\/vol2-origami-du-vivant\/#primaryimage"},"thumbnailUrl":"https:\/\/mfpp-origami.fr\/media\/vol2-couverture.jpg","articleSection":["Latest News","L'Origami","Le MFPP"],"inLanguage":"en-US","potentialAction":[{"@type":"CommentAction","name":"Comment","target":["https:\/\/mfpp-origami.fr\/en\/vol2-origami-du-vivant\/#respond"]}]},{"@type":"WebPage","@id":"https:\/\/mfpp-origami.fr\/en\/vol2-origami-du-vivant\/","url":"https:\/\/mfpp-origami.fr\/en\/vol2-origami-du-vivant\/","name":"Origami du vivant  &#8211; Mouvement Fran\u00e7ais des Plieurs de Papier","isPartOf":{"@id":"https:\/\/mfpp-origami.fr\/en\/#website"},"primaryImageOfPage":{"@id":"https:\/\/mfpp-origami.fr\/en\/vol2-origami-du-vivant\/#primaryimage"},"image":{"@id":"https:\/\/mfpp-origami.fr\/en\/vol2-origami-du-vivant\/#primaryimage"},"thumbnailUrl":"https:\/\/mfpp-origami.fr\/media\/vol2-couverture.jpg","datePublished":"2017-06-06T08:42:02+00:00","dateModified":"2017-06-08T07:21:00+00:00","breadcrumb":{"@id":"https:\/\/mfpp-origami.fr\/en\/vol2-origami-du-vivant\/#breadcrumb"},"inLanguage":"en-US","potentialAction":[{"@type":"ReadAction","target":[["https:\/\/mfpp-origami.fr\/en\/vol2-origami-du-vivant\/"]]}]},{"@type":"ImageObject","inLanguage":"en-US","@id":"https:\/\/mfpp-origami.fr\/en\/vol2-origami-du-vivant\/#primaryimage","url":"https:\/\/mfpp-origami.fr\/media\/vol2-couverture.jpg","contentUrl":"https:\/\/mfpp-origami.fr\/media\/vol2-couverture.jpg","width":794,"height":1123},{"@type":"BreadcrumbList","@id":"https:\/\/mfpp-origami.fr\/en\/vol2-origami-du-vivant\/#breadcrumb","itemListElement":[{"@type":"ListItem","position":1,"name":"Accueil","item":"https:\/\/mfpp-origami.fr\/en\/"},{"@type":"ListItem","position":2,"name":"Origami du vivant"}]},{"@type":"WebSite","@id":"https:\/\/mfpp-origami.fr\/en\/#website","url":"https:\/\/mfpp-origami.fr\/en\/","name":"Mouvement Fran\u00e7ais des Plieurs de Papier","description":"French association for the promotion of origami","publisher":{"@id":"https:\/\/mfpp-origami.fr\/en\/#organization"},"potentialAction":[{"@type":"SearchAction","target":{"@type":"EntryPoint","urlTemplate":"https:\/\/mfpp-origami.fr\/en\/?s={search_term_string}"},"query-input":{"@type":"PropertyValueSpecification","valueRequired":true,"valueName":"search_term_string"}}],"inLanguage":"en-US"},{"@type":"Organization","@id":"https:\/\/mfpp-origami.fr\/en\/#organization","name":"Mouvement fran\u00e7ais des plieurs de papier","url":"https:\/\/mfpp-origami.fr\/en\/","logo":{"@type":"ImageObject","inLanguage":"en-US","@id":"https:\/\/mfpp-origami.fr\/en\/#\/schema\/logo\/image\/","url":"https:\/\/mfpp-origami.fr\/media\/logo_web.png","contentUrl":"https:\/\/mfpp-origami.fr\/media\/logo_web.png","width":499,"height":167,"caption":"Mouvement fran\u00e7ais des plieurs de papier"},"image":{"@id":"https:\/\/mfpp-origami.fr\/en\/#\/schema\/logo\/image\/"},"sameAs":["https:\/\/www.facebook.com\/mfpp.origami","https:\/\/www.instagram.com\/origami_mfpp\/","https:\/\/www.youtube.com\/channel\/UC72tuiSDql1EMf0oLmjvV4w"]},{"@type":"Person","@id":"https:\/\/mfpp-origami.fr\/#\/schema\/person\/3bb2a0efd68ceb0925a20d74724d862e","name":"Aur\u00e8le Duda","image":{"@type":"ImageObject","inLanguage":"en-US","@id":"https:\/\/mfpp-origami.fr\/wp-content\/litespeed\/avatar\/7432e615cd3d3eb6f8583b4f98e05bf6.jpg?ver=1777213973","url":"https:\/\/mfpp-origami.fr\/wp-content\/litespeed\/avatar\/7432e615cd3d3eb6f8583b4f98e05bf6.jpg?ver=1777213973","contentUrl":"https:\/\/mfpp-origami.fr\/wp-content\/litespeed\/avatar\/7432e615cd3d3eb6f8583b4f98e05bf6.jpg?ver=1777213973","caption":"Aur\u00e8le Duda"},"sameAs":["https:\/\/aureleduda.com"]}]}},"vimeo_video":null,"_links":{"self":[{"href":"https:\/\/mfpp-origami.fr\/en\/wp-json\/wp\/v2\/posts\/4106","targetHints":{"allow":["GET"]}}],"collection":[{"href":"https:\/\/mfpp-origami.fr\/en\/wp-json\/wp\/v2\/posts"}],"about":[{"href":"https:\/\/mfpp-origami.fr\/en\/wp-json\/wp\/v2\/types\/post"}],"author":[{"embeddable":true,"href":"https:\/\/mfpp-origami.fr\/en\/wp-json\/wp\/v2\/users\/1"}],"replies":[{"embeddable":true,"href":"https:\/\/mfpp-origami.fr\/en\/wp-json\/wp\/v2\/comments?post=4106"}],"version-history":[{"count":0,"href":"https:\/\/mfpp-origami.fr\/en\/wp-json\/wp\/v2\/posts\/4106\/revisions"}],"wp:featuredmedia":[{"embeddable":true,"href":"https:\/\/mfpp-origami.fr\/en\/wp-json\/wp\/v2\/media\/4112"}],"wp:attachment":[{"href":"https:\/\/mfpp-origami.fr\/en\/wp-json\/wp\/v2\/media?parent=4106"}],"wp:term":[{"taxonomy":"category","embeddable":true,"href":"https:\/\/mfpp-origami.fr\/en\/wp-json\/wp\/v2\/categories?post=4106"},{"taxonomy":"post_tag","embeddable":true,"href":"https:\/\/mfpp-origami.fr\/en\/wp-json\/wp\/v2\/tags?post=4106"}],"curies":[{"name":"wp","href":"https:\/\/api.w.org\/{rel}","templated":true}]}}