
{"id":239,"date":"2013-12-16T12:50:00","date_gmt":"2013-12-16T11:50:00","guid":{"rendered":"http:\/\/mfpp-origami.fr\/?p=239"},"modified":"2014-03-26T10:08:48","modified_gmt":"2014-03-26T09:08:48","slug":"239","status":"publish","type":"post","link":"https:\/\/mfpp-origami.fr\/en\/239\/","title":{"rendered":"Images from \u00ab&nbsp;Les Rencontres de mai&nbsp;2013&nbsp;\u00bb"},"content":{"rendered":"<p><\/p>\n<p>Les Rencontres de mai 2013 ont \u00e9t\u00e9 un moment exceptionnel de plaisir et de pliage partag\u00e9s. Voici une s\u00e9lection de photos de l\u2019\u00e9v\u00e9nement en attendant les rencontres alsaciennes de 2014<!--more-->&nbsp;!<\/p>\n\n\t\t<style type=\"text\/css\">\n\t\t\t#gallery-2 {\n\t\t\t\tmargin: auto;\n\t\t\t}\n\t\t\t#gallery-2 .gallery-item {\n\t\t\t\tfloat: left;\n\t\t\t\tmargin-top: 10px;\n\t\t\t\ttext-align: center;\n\t\t\t\twidth: 33%;\n\t\t\t}\n\t\t\t#gallery-2 img {\n\t\t\t\tborder: 2px solid #cfcfcf;\n\t\t\t}\n\t\t\t#gallery-2 .gallery-caption {\n\t\t\t\tmargin-left: 0;\n\t\t\t}\n\t\t\t\/* see gallery_shortcode() in wp-includes\/media.php *\/\n\t\t<\/style>\n\t\t<div id=\"gallery-2\" class=\"gallery galleryid-239 gallery-columns-3 gallery-size-thumbnail\"><dl class=\"gallery-item\">\n\t\t\t<dt class=\"gallery-icon portrait\">\n\t\t\t\t<a href=\"https:\/\/mfpp-origami.fr\/en\/dsc03026\/\"><img loading=\"lazy\" decoding=\"async\" width=\"150\" height=\"150\" src=\"https:\/\/mfpp-origami.fr\/media\/DSC03026-150x150.jpg\" class=\"attachment-thumbnail size-thumbnail\" alt=\"Claire Landre enseignant l'hirondelle de Sipho Mabona\" aria-describedby=\"gallery-2-928\" srcset=\"https:\/\/mfpp-origami.fr\/media\/DSC03026-150x150.jpg 150w, https:\/\/mfpp-origami.fr\/media\/DSC03026-450x450.jpg 450w, https:\/\/mfpp-origami.fr\/media\/DSC03026-100x100.jpg 100w, https:\/\/mfpp-origami.fr\/media\/DSC03026-248x248.jpg 248w\" sizes=\"auto, (max-width: 150px) 100vw, 150px\"><\/a>\n\t\t\t<\/dt>\n\t\t\t\t<dd class=\"wp-caption-text gallery-caption\" id=\"gallery-2-928\">Claire Landre enseignant l\u2019hirondelle de Sipho Mabona&nbsp;<\/dd><\/dl><dl class=\"gallery-item\">\n\t\t\t<dt class=\"gallery-icon landscape\">\n\t\t\t\t<a href=\"https:\/\/mfpp-origami.fr\/en\/dsc06435\/\"><img loading=\"lazy\" decoding=\"async\" width=\"150\" height=\"150\" src=\"https:\/\/mfpp-origami.fr\/media\/DSC06435-150x150.jpg\" class=\"attachment-thumbnail size-thumbnail\" alt=\"Atelier de fabrication de papier d'Aur\u00e8le Duda\" aria-describedby=\"gallery-2-927\" srcset=\"https:\/\/mfpp-origami.fr\/media\/DSC06435-150x150.jpg 150w, https:\/\/mfpp-origami.fr\/media\/DSC06435-450x450.jpg 450w, https:\/\/mfpp-origami.fr\/media\/DSC06435-100x100.jpg 100w, https:\/\/mfpp-origami.fr\/media\/DSC06435-248x248.jpg 248w\" sizes=\"auto, (max-width: 150px) 100vw, 150px\"><\/a>\n\t\t\t<\/dt>\n\t\t\t\t<dd class=\"wp-caption-text gallery-caption\" id=\"gallery-2-927\">Atelier de fabrication de papier d\u2019Aur\u00e8le Duda&nbsp;<\/dd><\/dl><dl class=\"gallery-item\">\n\t\t\t<dt class=\"gallery-icon landscape\">\n\t\t\t\t<a href=\"https:\/\/mfpp-origami.fr\/en\/dsc06486\/\"><img loading=\"lazy\" decoding=\"async\" width=\"150\" height=\"150\" src=\"https:\/\/mfpp-origami.fr\/media\/DSC06486-150x150.jpg\" class=\"attachment-thumbnail size-thumbnail\" alt=\"Exposition de Denis Fran\u00e7ois\" aria-describedby=\"gallery-2-926\" srcset=\"https:\/\/mfpp-origami.fr\/media\/DSC06486-150x150.jpg 150w, https:\/\/mfpp-origami.fr\/media\/DSC06486-450x450.jpg 450w, https:\/\/mfpp-origami.fr\/media\/DSC06486-100x100.jpg 100w, https:\/\/mfpp-origami.fr\/media\/DSC06486-248x248.jpg 248w\" sizes=\"auto, (max-width: 150px) 100vw, 150px\"><\/a>\n\t\t\t<\/dt>\n\t\t\t\t<dd class=\"wp-caption-text gallery-caption\" id=\"gallery-2-926\">Exposition de Denis Fran\u00e7ois&nbsp;<\/dd><\/dl><br style=\"clear: both\"><dl class=\"gallery-item\">\n\t\t\t<dt class=\"gallery-icon portrait\">\n\t\t\t\t<a href=\"https:\/\/mfpp-origami.fr\/en\/dscn4123\/\"><img loading=\"lazy\" decoding=\"async\" width=\"150\" height=\"150\" src=\"https:\/\/mfpp-origami.fr\/media\/DSCN4123-150x150.jpg\" class=\"attachment-thumbnail size-thumbnail\" alt=\"Le \u00ab Glyptorose \u00bb de Naomiki Sato\" aria-describedby=\"gallery-2-925\" srcset=\"https:\/\/mfpp-origami.fr\/media\/DSCN4123-150x150.jpg 150w, https:\/\/mfpp-origami.fr\/media\/DSCN4123-450x450.jpg 450w, https:\/\/mfpp-origami.fr\/media\/DSCN4123-100x100.jpg 100w, https:\/\/mfpp-origami.fr\/media\/DSCN4123-248x248.jpg 248w\" sizes=\"auto, (max-width: 150px) 100vw, 150px\"><\/a>\n\t\t\t<\/dt>\n\t\t\t\t<dd class=\"wp-caption-text gallery-caption\" id=\"gallery-2-925\">Le \u00ab&nbsp;Glyptorose&nbsp;\u00bb de Naomiki Sato&nbsp;<\/dd><\/dl><dl class=\"gallery-item\">\n\t\t\t<dt class=\"gallery-icon landscape\">\n\t\t\t\t<a href=\"https:\/\/mfpp-origami.fr\/en\/dscn4126\/\"><img loading=\"lazy\" decoding=\"async\" width=\"150\" height=\"150\" src=\"https:\/\/mfpp-origami.fr\/media\/DSCN4126-150x150.jpg\" class=\"attachment-thumbnail size-thumbnail\" alt=\"Atelier de Tomoko Fuse\" aria-describedby=\"gallery-2-924\" srcset=\"https:\/\/mfpp-origami.fr\/media\/DSCN4126-150x150.jpg 150w, https:\/\/mfpp-origami.fr\/media\/DSCN4126-450x450.jpg 450w, https:\/\/mfpp-origami.fr\/media\/DSCN4126-100x100.jpg 100w, https:\/\/mfpp-origami.fr\/media\/DSCN4126-248x248.jpg 248w\" sizes=\"auto, (max-width: 150px) 100vw, 150px\"><\/a>\n\t\t\t<\/dt>\n\t\t\t\t<dd class=\"wp-caption-text gallery-caption\" id=\"gallery-2-924\">Atelier de Tomoko Fuse&nbsp;<\/dd><\/dl><dl class=\"gallery-item\">\n\t\t\t<dt class=\"gallery-icon landscape\">\n\t\t\t\t<a href=\"https:\/\/mfpp-origami.fr\/en\/dscn4170\/\"><img loading=\"lazy\" decoding=\"async\" width=\"150\" height=\"150\" src=\"https:\/\/mfpp-origami.fr\/media\/DSCN4170-150x150.jpg\" class=\"attachment-thumbnail size-thumbnail\" alt aria-describedby=\"gallery-2-923\" srcset=\"https:\/\/mfpp-origami.fr\/media\/DSCN4170-150x150.jpg 150w, https:\/\/mfpp-origami.fr\/media\/DSCN4170-450x450.jpg 450w, https:\/\/mfpp-origami.fr\/media\/DSCN4170-100x100.jpg 100w, https:\/\/mfpp-origami.fr\/media\/DSCN4170-248x248.jpg 248w\" sizes=\"auto, (max-width: 150px) 100vw, 150px\"><\/a>\n\t\t\t<\/dt>\n\t\t\t\t<dd class=\"wp-caption-text gallery-caption\" id=\"gallery-2-923\">Vue de l\u2019exposition&nbsp;<\/dd><\/dl><br style=\"clear: both\"><dl class=\"gallery-item\">\n\t\t\t<dt class=\"gallery-icon landscape\">\n\t\t\t\t<a href=\"https:\/\/mfpp-origami.fr\/en\/dscn4181\/\"><img loading=\"lazy\" decoding=\"async\" width=\"150\" height=\"150\" src=\"https:\/\/mfpp-origami.fr\/media\/DSCN4181-150x150.jpg\" class=\"attachment-thumbnail size-thumbnail\" alt=\"Exposition de Viviane Berty\" aria-describedby=\"gallery-2-922\" srcset=\"https:\/\/mfpp-origami.fr\/media\/DSCN4181-150x150.jpg 150w, https:\/\/mfpp-origami.fr\/media\/DSCN4181-450x450.jpg 450w, https:\/\/mfpp-origami.fr\/media\/DSCN4181-100x100.jpg 100w, https:\/\/mfpp-origami.fr\/media\/DSCN4181-248x248.jpg 248w\" sizes=\"auto, (max-width: 150px) 100vw, 150px\"><\/a>\n\t\t\t<\/dt>\n\t\t\t\t<dd class=\"wp-caption-text gallery-caption\" id=\"gallery-2-922\">Exposition de Viviane Berty&nbsp;<\/dd><\/dl><dl class=\"gallery-item\">\n\t\t\t<dt class=\"gallery-icon landscape\">\n\t\t\t\t<a href=\"https:\/\/mfpp-origami.fr\/en\/dscn4193\/\"><img loading=\"lazy\" decoding=\"async\" width=\"150\" height=\"150\" src=\"https:\/\/mfpp-origami.fr\/media\/DSCN4193-150x150.jpg\" class=\"attachment-thumbnail size-thumbnail\" alt aria-describedby=\"gallery-2-921\" srcset=\"https:\/\/mfpp-origami.fr\/media\/DSCN4193-150x150.jpg 150w, https:\/\/mfpp-origami.fr\/media\/DSCN4193-450x450.jpg 450w, https:\/\/mfpp-origami.fr\/media\/DSCN4193-100x100.jpg 100w, https:\/\/mfpp-origami.fr\/media\/DSCN4193-248x248.jpg 248w\" sizes=\"auto, (max-width: 150px) 100vw, 150px\"><\/a>\n\t\t\t<\/dt>\n\t\t\t\t<dd class=\"wp-caption-text gallery-caption\" id=\"gallery-2-921\">Exposition de Tomoko Fuse&nbsp;<\/dd><\/dl><dl class=\"gallery-item\">\n\t\t\t<dt class=\"gallery-icon landscape\">\n\t\t\t\t<a href=\"https:\/\/mfpp-origami.fr\/en\/dscn4195\/\"><img loading=\"lazy\" decoding=\"async\" width=\"150\" height=\"150\" src=\"https:\/\/mfpp-origami.fr\/media\/DSCN4195-150x150.jpg\" class=\"attachment-thumbnail size-thumbnail\" alt aria-describedby=\"gallery-2-920\" srcset=\"https:\/\/mfpp-origami.fr\/media\/DSCN4195-150x150.jpg 150w, https:\/\/mfpp-origami.fr\/media\/DSCN4195-450x450.jpg 450w, https:\/\/mfpp-origami.fr\/media\/DSCN4195-100x100.jpg 100w, https:\/\/mfpp-origami.fr\/media\/DSCN4195-248x248.jpg 248w\" sizes=\"auto, (max-width: 150px) 100vw, 150px\"><\/a>\n\t\t\t<\/dt>\n\t\t\t\t<dd class=\"wp-caption-text gallery-caption\" id=\"gallery-2-920\">Exposition de Tomoko Fuse&nbsp;<\/dd><\/dl><br style=\"clear: both\"><dl class=\"gallery-item\">\n\t\t\t<dt class=\"gallery-icon landscape\">\n\t\t\t\t<a href=\"https:\/\/mfpp-origami.fr\/en\/img_2022\/\"><img loading=\"lazy\" decoding=\"async\" width=\"150\" height=\"150\" src=\"https:\/\/mfpp-origami.fr\/media\/IMG_2022-150x150.jpg\" class=\"attachment-thumbnail size-thumbnail\" alt=\"\u00c9tienne Cliquet et son &quot;295 \/ 80 R 22,5&quot;\" aria-describedby=\"gallery-2-919\" srcset=\"https:\/\/mfpp-origami.fr\/media\/IMG_2022-150x150.jpg 150w, https:\/\/mfpp-origami.fr\/media\/IMG_2022-450x450.jpg 450w, https:\/\/mfpp-origami.fr\/media\/IMG_2022-100x100.jpg 100w, https:\/\/mfpp-origami.fr\/media\/IMG_2022-248x248.jpg 248w\" sizes=\"auto, (max-width: 150px) 100vw, 150px\"><\/a>\n\t\t\t<\/dt>\n\t\t\t\t<dd class=\"wp-caption-text gallery-caption\" id=\"gallery-2-919\">\u00c9tienne Cliquet et son \u00ab&nbsp;295 \/ 80 R&nbsp;22,5&nbsp;\u00bb <\/dd><\/dl><dl class=\"gallery-item\">\n\t\t\t<dt class=\"gallery-icon landscape\">\n\t\t\t\t<a href=\"https:\/\/mfpp-origami.fr\/en\/img_2088\/\"><img loading=\"lazy\" decoding=\"async\" width=\"150\" height=\"150\" src=\"https:\/\/mfpp-origami.fr\/media\/IMG_2088-150x150.jpg\" class=\"attachment-thumbnail size-thumbnail\" alt aria-describedby=\"gallery-2-917\" srcset=\"https:\/\/mfpp-origami.fr\/media\/IMG_2088-150x150.jpg 150w, https:\/\/mfpp-origami.fr\/media\/IMG_2088-450x450.jpg 450w, https:\/\/mfpp-origami.fr\/media\/IMG_2088-100x100.jpg 100w, https:\/\/mfpp-origami.fr\/media\/IMG_2088-248x248.jpg 248w\" sizes=\"auto, (max-width: 150px) 100vw, 150px\"><\/a>\n\t\t\t<\/dt>\n\t\t\t\t<dd class=\"wp-caption-text gallery-caption\" id=\"gallery-2-917\">Exposition d\u2019Andr\u00e9s Troya&nbsp;<\/dd><\/dl><dl class=\"gallery-item\">\n\t\t\t<dt class=\"gallery-icon landscape\">\n\t\t\t\t<a href=\"https:\/\/mfpp-origami.fr\/en\/img_2055\/\"><img loading=\"lazy\" decoding=\"async\" width=\"150\" height=\"150\" src=\"https:\/\/mfpp-origami.fr\/media\/IMG_2055-150x150.jpg\" class=\"attachment-thumbnail size-thumbnail\" alt aria-describedby=\"gallery-2-918\" srcset=\"https:\/\/mfpp-origami.fr\/media\/IMG_2055-150x150.jpg 150w, https:\/\/mfpp-origami.fr\/media\/IMG_2055-450x450.jpg 450w, https:\/\/mfpp-origami.fr\/media\/IMG_2055-100x100.jpg 100w, https:\/\/mfpp-origami.fr\/media\/IMG_2055-248x248.jpg 248w\" sizes=\"auto, (max-width: 150px) 100vw, 150px\"><\/a>\n\t\t\t<\/dt>\n\t\t\t\t<dd class=\"wp-caption-text gallery-caption\" id=\"gallery-2-918\">Vue de l\u2019exposition&nbsp;<\/dd><\/dl><br style=\"clear: both\"><dl class=\"gallery-item\">\n\t\t\t<dt class=\"gallery-icon landscape\">\n\t\t\t\t<a href=\"https:\/\/mfpp-origami.fr\/en\/img_2094\/\"><img loading=\"lazy\" decoding=\"async\" width=\"150\" height=\"150\" src=\"https:\/\/mfpp-origami.fr\/media\/IMG_2094-150x150.jpg\" class=\"attachment-thumbnail size-thumbnail\" alt aria-describedby=\"gallery-2-916\" srcset=\"https:\/\/mfpp-origami.fr\/media\/IMG_2094-150x150.jpg 150w, https:\/\/mfpp-origami.fr\/media\/IMG_2094-450x450.jpg 450w, https:\/\/mfpp-origami.fr\/media\/IMG_2094-100x100.jpg 100w, https:\/\/mfpp-origami.fr\/media\/IMG_2094-248x248.jpg 248w\" sizes=\"auto, (max-width: 150px) 100vw, 150px\"><\/a>\n\t\t\t<\/dt>\n\t\t\t\t<dd class=\"wp-caption-text gallery-caption\" id=\"gallery-2-916\">Vue de l\u2019exposition&nbsp;<\/dd><\/dl><dl class=\"gallery-item\">\n\t\t\t<dt class=\"gallery-icon landscape\">\n\t\t\t\t<a href=\"https:\/\/mfpp-origami.fr\/en\/img_2114\/\"><img loading=\"lazy\" decoding=\"async\" width=\"150\" height=\"150\" src=\"https:\/\/mfpp-origami.fr\/media\/IMG_2114-150x150.jpg\" class=\"attachment-thumbnail size-thumbnail\" alt aria-describedby=\"gallery-2-915\" srcset=\"https:\/\/mfpp-origami.fr\/media\/IMG_2114-150x150.jpg 150w, https:\/\/mfpp-origami.fr\/media\/IMG_2114-450x450.jpg 450w, https:\/\/mfpp-origami.fr\/media\/IMG_2114-100x100.jpg 100w, https:\/\/mfpp-origami.fr\/media\/IMG_2114-248x248.jpg 248w\" sizes=\"auto, (max-width: 150px) 100vw, 150px\"><\/a>\n\t\t\t<\/dt>\n\t\t\t\t<dd class=\"wp-caption-text gallery-caption\" id=\"gallery-2-915\">Vue de l\u2019exposition&nbsp;<\/dd><\/dl><dl class=\"gallery-item\">\n\t\t\t<dt class=\"gallery-icon landscape\">\n\t\t\t\t<a href=\"https:\/\/mfpp-origami.fr\/en\/img_2129\/\"><img loading=\"lazy\" decoding=\"async\" width=\"150\" height=\"150\" src=\"https:\/\/mfpp-origami.fr\/media\/IMG_2129-150x150.jpg\" class=\"attachment-thumbnail size-thumbnail\" alt aria-describedby=\"gallery-2-913\" srcset=\"https:\/\/mfpp-origami.fr\/media\/IMG_2129-150x150.jpg 150w, https:\/\/mfpp-origami.fr\/media\/IMG_2129-450x450.jpg 450w, https:\/\/mfpp-origami.fr\/media\/IMG_2129-100x100.jpg 100w, https:\/\/mfpp-origami.fr\/media\/IMG_2129-248x248.jpg 248w\" sizes=\"auto, (max-width: 150px) 100vw, 150px\"><\/a>\n\t\t\t<\/dt>\n\t\t\t\t<dd class=\"wp-caption-text gallery-caption\" id=\"gallery-2-913\">Accueil du public&nbsp;<\/dd><\/dl><br style=\"clear: both\"><dl class=\"gallery-item\">\n\t\t\t<dt class=\"gallery-icon landscape\">\n\t\t\t\t<a href=\"https:\/\/mfpp-origami.fr\/en\/img_2131\/\"><img loading=\"lazy\" decoding=\"async\" width=\"150\" height=\"150\" src=\"https:\/\/mfpp-origami.fr\/media\/IMG_2131-150x150.jpg\" class=\"attachment-thumbnail size-thumbnail\" alt=\"Vue des ateliers\" aria-describedby=\"gallery-2-912\" srcset=\"https:\/\/mfpp-origami.fr\/media\/IMG_2131-150x150.jpg 150w, https:\/\/mfpp-origami.fr\/media\/IMG_2131-scaled-450x450.jpg 450w, https:\/\/mfpp-origami.fr\/media\/IMG_2131-scaled-100x100.jpg 100w, https:\/\/mfpp-origami.fr\/media\/IMG_2131-248x248.jpg 248w\" sizes=\"auto, (max-width: 150px) 100vw, 150px\"><\/a>\n\t\t\t<\/dt>\n\t\t\t\t<dd class=\"wp-caption-text gallery-caption\" id=\"gallery-2-912\">Vue des ateliers&nbsp;<\/dd><\/dl><dl class=\"gallery-item\">\n\t\t\t<dt class=\"gallery-icon landscape\">\n\t\t\t\t<a href=\"https:\/\/mfpp-origami.fr\/en\/img_3835\/\"><img loading=\"lazy\" decoding=\"async\" width=\"150\" height=\"150\" src=\"https:\/\/mfpp-origami.fr\/media\/IMG_3835-150x150.jpg\" class=\"attachment-thumbnail size-thumbnail\" alt aria-describedby=\"gallery-2-911\" srcset=\"https:\/\/mfpp-origami.fr\/media\/IMG_3835-150x150.jpg 150w, https:\/\/mfpp-origami.fr\/media\/IMG_3835-450x450.jpg 450w, https:\/\/mfpp-origami.fr\/media\/IMG_3835-100x100.jpg 100w, https:\/\/mfpp-origami.fr\/media\/IMG_3835-248x248.jpg 248w\" sizes=\"auto, (max-width: 150px) 100vw, 150px\"><\/a>\n\t\t\t<\/dt>\n\t\t\t\t<dd class=\"wp-caption-text gallery-caption\" id=\"gallery-2-911\">Tomoko Fuse enseignant&nbsp;<\/dd><\/dl><dl class=\"gallery-item\">\n\t\t\t<dt class=\"gallery-icon portrait\">\n\t\t\t\t<a href=\"https:\/\/mfpp-origami.fr\/en\/img_3861\/\"><img loading=\"lazy\" decoding=\"async\" width=\"150\" height=\"150\" src=\"https:\/\/mfpp-origami.fr\/media\/IMG_3861-150x150.jpg\" class=\"attachment-thumbnail size-thumbnail\" alt aria-describedby=\"gallery-2-910\" srcset=\"https:\/\/mfpp-origami.fr\/media\/IMG_3861-150x150.jpg 150w, https:\/\/mfpp-origami.fr\/media\/IMG_3861-450x450.jpg 450w, https:\/\/mfpp-origami.fr\/media\/IMG_3861-100x100.jpg 100w, https:\/\/mfpp-origami.fr\/media\/IMG_3861-248x248.jpg 248w\" sizes=\"auto, (max-width: 150px) 100vw, 150px\"><\/a>\n\t\t\t<\/dt>\n\t\t\t\t<dd class=\"wp-caption-text gallery-caption\" id=\"gallery-2-910\">Tessellation d\u2019Eric Gjerde&nbsp;<\/dd><\/dl><br style=\"clear: both\"><dl class=\"gallery-item\">\n\t\t\t<dt class=\"gallery-icon landscape\">\n\t\t\t\t<a href=\"https:\/\/mfpp-origami.fr\/en\/img_3862\/\"><img loading=\"lazy\" decoding=\"async\" width=\"150\" height=\"150\" src=\"https:\/\/mfpp-origami.fr\/media\/IMG_3862-150x150.jpg\" class=\"attachment-thumbnail size-thumbnail\" alt aria-describedby=\"gallery-2-909\" srcset=\"https:\/\/mfpp-origami.fr\/media\/IMG_3862-150x150.jpg 150w, https:\/\/mfpp-origami.fr\/media\/IMG_3862-450x450.jpg 450w, https:\/\/mfpp-origami.fr\/media\/IMG_3862-100x100.jpg 100w, https:\/\/mfpp-origami.fr\/media\/IMG_3862-248x248.jpg 248w\" sizes=\"auto, (max-width: 150px) 100vw, 150px\"><\/a>\n\t\t\t<\/dt>\n\t\t\t\t<dd class=\"wp-caption-text gallery-caption\" id=\"gallery-2-909\">Tessellation d\u2019Eric Gjerde&nbsp;<\/dd><\/dl><dl class=\"gallery-item\">\n\t\t\t<dt class=\"gallery-icon portrait\">\n\t\t\t\t<a href=\"https:\/\/mfpp-origami.fr\/en\/img_4086\/\"><img loading=\"lazy\" decoding=\"async\" width=\"150\" height=\"150\" src=\"https:\/\/mfpp-origami.fr\/media\/IMG_4086-150x150.jpg\" class=\"attachment-thumbnail size-thumbnail\" alt aria-describedby=\"gallery-2-908\" srcset=\"https:\/\/mfpp-origami.fr\/media\/IMG_4086-150x150.jpg 150w, https:\/\/mfpp-origami.fr\/media\/IMG_4086-450x450.jpg 450w, https:\/\/mfpp-origami.fr\/media\/IMG_4086-100x100.jpg 100w, https:\/\/mfpp-origami.fr\/media\/IMG_4086-248x248.jpg 248w\" sizes=\"auto, (max-width: 150px) 100vw, 150px\"><\/a>\n\t\t\t<\/dt>\n\t\t\t\t<dd class=\"wp-caption-text gallery-caption\" id=\"gallery-2-908\">Butterfly on pentalope de Michel Grand&nbsp;<\/dd><\/dl><dl class=\"gallery-item\">\n\t\t\t<dt class=\"gallery-icon landscape\">\n\t\t\t\t<a href=\"https:\/\/mfpp-origami.fr\/en\/img_4094\/\"><img loading=\"lazy\" decoding=\"async\" width=\"150\" height=\"150\" src=\"https:\/\/mfpp-origami.fr\/media\/IMG_4094-150x150.jpg\" class=\"attachment-thumbnail size-thumbnail\" alt=\"Babar cool letterfold de Michel Grand\" aria-describedby=\"gallery-2-907\" srcset=\"https:\/\/mfpp-origami.fr\/media\/IMG_4094-150x150.jpg 150w, https:\/\/mfpp-origami.fr\/media\/IMG_4094-450x450.jpg 450w, https:\/\/mfpp-origami.fr\/media\/IMG_4094-100x100.jpg 100w, https:\/\/mfpp-origami.fr\/media\/IMG_4094-248x248.jpg 248w\" sizes=\"auto, (max-width: 150px) 100vw, 150px\"><\/a>\n\t\t\t<\/dt>\n\t\t\t\t<dd class=\"wp-caption-text gallery-caption\" id=\"gallery-2-907\">Babar cool letterfold de Michel Grand&nbsp;<\/dd><\/dl><br style=\"clear: both\"><dl class=\"gallery-item\">\n\t\t\t<dt class=\"gallery-icon landscape\">\n\t\t\t\t<a href=\"https:\/\/mfpp-origami.fr\/en\/img_4529\/\"><img loading=\"lazy\" decoding=\"async\" width=\"150\" height=\"150\" src=\"https:\/\/mfpp-origami.fr\/media\/IMG_4529-150x150.jpg\" class=\"attachment-thumbnail size-thumbnail\" alt aria-describedby=\"gallery-2-906\" srcset=\"https:\/\/mfpp-origami.fr\/media\/IMG_4529-150x150.jpg 150w, https:\/\/mfpp-origami.fr\/media\/IMG_4529-450x450.jpg 450w, https:\/\/mfpp-origami.fr\/media\/IMG_4529-100x100.jpg 100w, https:\/\/mfpp-origami.fr\/media\/IMG_4529-248x248.jpg 248w\" sizes=\"auto, (max-width: 150px) 100vw, 150px\"><\/a>\n\t\t\t<\/dt>\n\t\t\t\t<dd class=\"wp-caption-text gallery-caption\" id=\"gallery-2-906\">Hoang Tien Quyet enseignant&nbsp;<\/dd><\/dl><dl class=\"gallery-item\">\n\t\t\t<dt class=\"gallery-icon landscape\">\n\t\t\t\t<a href=\"https:\/\/mfpp-origami.fr\/en\/img_4819\/\"><img loading=\"lazy\" decoding=\"async\" width=\"150\" height=\"150\" src=\"https:\/\/mfpp-origami.fr\/media\/IMG_4819-150x150.jpg\" class=\"attachment-thumbnail size-thumbnail\" alt aria-describedby=\"gallery-2-905\" srcset=\"https:\/\/mfpp-origami.fr\/media\/IMG_4819-150x150.jpg 150w, https:\/\/mfpp-origami.fr\/media\/IMG_4819-450x450.jpg 450w, https:\/\/mfpp-origami.fr\/media\/IMG_4819-100x100.jpg 100w, https:\/\/mfpp-origami.fr\/media\/IMG_4819-248x248.jpg 248w\" sizes=\"auto, (max-width: 150px) 100vw, 150px\"><\/a>\n\t\t\t<\/dt>\n\t\t\t\t<dd class=\"wp-caption-text gallery-caption\" id=\"gallery-2-905\">Tessellation de Lydia&nbsp;Diard&nbsp;<\/dd><\/dl><dl class=\"gallery-item\">\n\t\t\t<dt class=\"gallery-icon landscape\">\n\t\t\t\t<a href=\"https:\/\/mfpp-origami.fr\/en\/img_4884\/\"><img loading=\"lazy\" decoding=\"async\" width=\"150\" height=\"150\" src=\"https:\/\/mfpp-origami.fr\/media\/IMG_4884-150x150.jpg\" class=\"attachment-thumbnail size-thumbnail\" alt aria-describedby=\"gallery-2-904\" srcset=\"https:\/\/mfpp-origami.fr\/media\/IMG_4884-150x150.jpg 150w, https:\/\/mfpp-origami.fr\/media\/IMG_4884-scaled-450x450.jpg 450w, https:\/\/mfpp-origami.fr\/media\/IMG_4884-scaled-100x100.jpg 100w, https:\/\/mfpp-origami.fr\/media\/IMG_4884-248x248.jpg 248w\" sizes=\"auto, (max-width: 150px) 100vw, 150px\"><\/a>\n\t\t\t<\/dt>\n\t\t\t\t<dd class=\"wp-caption-text gallery-caption\" id=\"gallery-2-904\">Exposition de Tomoko Fuse&nbsp;<\/dd><\/dl><br style=\"clear: both\"><dl class=\"gallery-item\">\n\t\t\t<dt class=\"gallery-icon portrait\">\n\t\t\t\t<a href=\"https:\/\/mfpp-origami.fr\/en\/img_4975\/\"><img loading=\"lazy\" decoding=\"async\" width=\"150\" height=\"150\" src=\"https:\/\/mfpp-origami.fr\/media\/IMG_4975-150x150.jpg\" class=\"attachment-thumbnail size-thumbnail\" alt aria-describedby=\"gallery-2-903\" srcset=\"https:\/\/mfpp-origami.fr\/media\/IMG_4975-150x150.jpg 150w, https:\/\/mfpp-origami.fr\/media\/IMG_4975-450x450.jpg 450w, https:\/\/mfpp-origami.fr\/media\/IMG_4975-100x100.jpg 100w, https:\/\/mfpp-origami.fr\/media\/IMG_4975-248x248.jpg 248w\" sizes=\"auto, (max-width: 150px) 100vw, 150px\"><\/a>\n\t\t\t<\/dt>\n\t\t\t\t<dd class=\"wp-caption-text gallery-caption\" id=\"gallery-2-903\">Morille d\u2019Aur\u00e8le Duda&nbsp;<\/dd><\/dl><dl class=\"gallery-item\">\n\t\t\t<dt class=\"gallery-icon portrait\">\n\t\t\t\t<a href=\"https:\/\/mfpp-origami.fr\/en\/img_4985\/\"><img loading=\"lazy\" decoding=\"async\" width=\"150\" height=\"150\" src=\"https:\/\/mfpp-origami.fr\/media\/IMG_4985-150x150.jpg\" class=\"attachment-thumbnail size-thumbnail\" alt aria-describedby=\"gallery-2-902\" srcset=\"https:\/\/mfpp-origami.fr\/media\/IMG_4985-150x150.jpg 150w, https:\/\/mfpp-origami.fr\/media\/IMG_4985-450x450.jpg 450w, https:\/\/mfpp-origami.fr\/media\/IMG_4985-100x100.jpg 100w, https:\/\/mfpp-origami.fr\/media\/IMG_4985-248x248.jpg 248w\" sizes=\"auto, (max-width: 150px) 100vw, 150px\"><\/a>\n\t\t\t<\/dt>\n\t\t\t\t<dd class=\"wp-caption-text gallery-caption\" id=\"gallery-2-902\">Inflexions d\u2019Aur\u00e8le Duda&nbsp;<\/dd><\/dl><dl class=\"gallery-item\">\n\t\t\t<dt class=\"gallery-icon landscape\">\n\t\t\t\t<a href=\"https:\/\/mfpp-origami.fr\/en\/img_5137\/\"><img loading=\"lazy\" decoding=\"async\" width=\"150\" height=\"150\" src=\"https:\/\/mfpp-origami.fr\/media\/IMG_5137-150x150.jpg\" class=\"attachment-thumbnail size-thumbnail\" alt aria-describedby=\"gallery-2-901\" srcset=\"https:\/\/mfpp-origami.fr\/media\/IMG_5137-150x150.jpg 150w, https:\/\/mfpp-origami.fr\/media\/IMG_5137-450x450.jpg 450w, https:\/\/mfpp-origami.fr\/media\/IMG_5137-100x100.jpg 100w, https:\/\/mfpp-origami.fr\/media\/IMG_5137-248x248.jpg 248w\" sizes=\"auto, (max-width: 150px) 100vw, 150px\"><\/a>\n\t\t\t<\/dt>\n\t\t\t\t<dd class=\"wp-caption-text gallery-caption\" id=\"gallery-2-901\">L\u2019atelier Babar cool letterfold de Michel Grand&nbsp;<\/dd><\/dl><br style=\"clear: both\"><dl class=\"gallery-item\">\n\t\t\t<dt class=\"gallery-icon landscape\">\n\t\t\t\t<a href=\"https:\/\/mfpp-origami.fr\/en\/img_5188\/\"><img loading=\"lazy\" decoding=\"async\" width=\"150\" height=\"150\" src=\"https:\/\/mfpp-origami.fr\/media\/IMG_5188-150x150.jpg\" class=\"attachment-thumbnail size-thumbnail\" alt aria-describedby=\"gallery-2-900\" srcset=\"https:\/\/mfpp-origami.fr\/media\/IMG_5188-150x150.jpg 150w, https:\/\/mfpp-origami.fr\/media\/IMG_5188-450x450.jpg 450w, https:\/\/mfpp-origami.fr\/media\/IMG_5188-100x100.jpg 100w, https:\/\/mfpp-origami.fr\/media\/IMG_5188-248x248.jpg 248w\" sizes=\"auto, (max-width: 150px) 100vw, 150px\"><\/a>\n\t\t\t<\/dt>\n\t\t\t\t<dd class=\"wp-caption-text gallery-caption\" id=\"gallery-2-900\">Vue de l\u2019exposition&nbsp;<\/dd><\/dl><dl class=\"gallery-item\">\n\t\t\t<dt class=\"gallery-icon landscape\">\n\t\t\t\t<a href=\"https:\/\/mfpp-origami.fr\/en\/img_5191\/\"><img loading=\"lazy\" decoding=\"async\" width=\"150\" height=\"150\" src=\"https:\/\/mfpp-origami.fr\/media\/IMG_5191-150x150.jpg\" class=\"attachment-thumbnail size-thumbnail\" alt aria-describedby=\"gallery-2-899\" srcset=\"https:\/\/mfpp-origami.fr\/media\/IMG_5191-150x150.jpg 150w, https:\/\/mfpp-origami.fr\/media\/IMG_5191-450x450.jpg 450w, https:\/\/mfpp-origami.fr\/media\/IMG_5191-100x100.jpg 100w, https:\/\/mfpp-origami.fr\/media\/IMG_5191-248x248.jpg 248w\" sizes=\"auto, (max-width: 150px) 100vw, 150px\"><\/a>\n\t\t\t<\/dt>\n\t\t\t\t<dd class=\"wp-caption-text gallery-caption\" id=\"gallery-2-899\">Les \u00e9l\u00e9phants d\u2019Alain Georgeot&nbsp;<\/dd><\/dl><dl class=\"gallery-item\">\n\t\t\t<dt class=\"gallery-icon landscape\">\n\t\t\t\t<a href=\"https:\/\/mfpp-origami.fr\/en\/img_5260\/\"><img loading=\"lazy\" decoding=\"async\" width=\"150\" height=\"150\" src=\"https:\/\/mfpp-origami.fr\/media\/IMG_5260-150x150.jpg\" class=\"attachment-thumbnail size-thumbnail\" alt aria-describedby=\"gallery-2-898\" srcset=\"https:\/\/mfpp-origami.fr\/media\/IMG_5260-150x150.jpg 150w, https:\/\/mfpp-origami.fr\/media\/IMG_5260-450x450.jpg 450w, https:\/\/mfpp-origami.fr\/media\/IMG_5260-100x100.jpg 100w, https:\/\/mfpp-origami.fr\/media\/IMG_5260-248x248.jpg 248w\" sizes=\"auto, (max-width: 150px) 100vw, 150px\"><\/a>\n\t\t\t<\/dt>\n\t\t\t\t<dd class=\"wp-caption-text gallery-caption\" id=\"gallery-2-898\">Aur\u00e8le Duda enseignant&nbsp;<\/dd><\/dl><br style=\"clear: both\"><dl class=\"gallery-item\">\n\t\t\t<dt class=\"gallery-icon portrait\">\n\t\t\t\t<a href=\"https:\/\/mfpp-origami.fr\/en\/img_5466\/\"><img loading=\"lazy\" decoding=\"async\" width=\"150\" height=\"150\" src=\"https:\/\/mfpp-origami.fr\/media\/IMG_5466-150x150.jpg\" class=\"attachment-thumbnail size-thumbnail\" alt aria-describedby=\"gallery-2-897\" srcset=\"https:\/\/mfpp-origami.fr\/media\/IMG_5466-150x150.jpg 150w, https:\/\/mfpp-origami.fr\/media\/IMG_5466-450x450.jpg 450w, https:\/\/mfpp-origami.fr\/media\/IMG_5466-100x100.jpg 100w, https:\/\/mfpp-origami.fr\/media\/IMG_5466-248x248.jpg 248w\" sizes=\"auto, (max-width: 150px) 100vw, 150px\"><\/a>\n\t\t\t<\/dt>\n\t\t\t\t<dd class=\"wp-caption-text gallery-caption\" id=\"gallery-2-897\">Ateliers minute pendant l\u2019accueil tout public&nbsp;<\/dd><\/dl><dl class=\"gallery-item\">\n\t\t\t<dt class=\"gallery-icon landscape\">\n\t\t\t\t<a href=\"https:\/\/mfpp-origami.fr\/en\/img_5487\/\"><img loading=\"lazy\" decoding=\"async\" width=\"150\" height=\"150\" src=\"https:\/\/mfpp-origami.fr\/media\/IMG_5487-150x150.jpg\" class=\"attachment-thumbnail size-thumbnail\" alt aria-describedby=\"gallery-2-896\" srcset=\"https:\/\/mfpp-origami.fr\/media\/IMG_5487-150x150.jpg 150w, https:\/\/mfpp-origami.fr\/media\/IMG_5487-450x450.jpg 450w, https:\/\/mfpp-origami.fr\/media\/IMG_5487-100x100.jpg 100w, https:\/\/mfpp-origami.fr\/media\/IMG_5487-248x248.jpg 248w\" sizes=\"auto, (max-width: 150px) 100vw, 150px\"><\/a>\n\t\t\t<\/dt>\n\t\t\t\t<dd class=\"wp-caption-text gallery-caption\" id=\"gallery-2-896\">Remise des prix du concours Glyptodon&nbsp;<\/dd><\/dl><dl class=\"gallery-item\">\n\t\t\t<dt class=\"gallery-icon landscape\">\n\t\t\t\t<a href=\"https:\/\/mfpp-origami.fr\/en\/img_5509\/\"><img loading=\"lazy\" decoding=\"async\" width=\"150\" height=\"150\" src=\"https:\/\/mfpp-origami.fr\/media\/IMG_5509-150x150.jpg\" class=\"attachment-thumbnail size-thumbnail\" alt aria-describedby=\"gallery-2-895\" srcset=\"https:\/\/mfpp-origami.fr\/media\/IMG_5509-150x150.jpg 150w, https:\/\/mfpp-origami.fr\/media\/IMG_5509-450x450.jpg 450w, https:\/\/mfpp-origami.fr\/media\/IMG_5509-100x100.jpg 100w, https:\/\/mfpp-origami.fr\/media\/IMG_5509-248x248.jpg 248w\" sizes=\"auto, (max-width: 150px) 100vw, 150px\"><\/a>\n\t\t\t<\/dt>\n\t\t\t\t<dd class=\"wp-caption-text gallery-caption\" id=\"gallery-2-895\">Aur\u00e8le Duda et Hoang Tien&nbsp;Quyet&nbsp;<\/dd><\/dl><br style=\"clear: both\">\n\t\t<\/div>\n\n<p><\/p>","protected":false},"excerpt":{"rendered":"<p>Les Rencontres de mai 2013 ont \u00e9t\u00e9 un moment exceptionnel de plaisir et de pliage partag\u00e9s. Voici une s\u00e9lection de photos de l\u2019\u00e9v\u00e9nement en attendant les rencontres alsaciennes de&nbsp;2014<\/p>\n","protected":false},"author":1,"featured_media":912,"comment_status":"closed","ping_status":"closed","sticky":false,"template":"","format":"standard","meta":{"_acf_changed":false,"wp_typography_post_enhancements_disabled":false,"ngg_post_thumbnail":0,"__cvm_playback_settings":[],"__cvm_video_id":"","footnotes":""},"categories":[9,12,4],"tags":[],"class_list":["post-239","post","type-post","status-publish","format-standard","has-post-thumbnail","hentry","category-actualites","category-conventions","category-le-mfpp"],"acf":[],"yoast_head":"<!-- This site is optimized with the Yoast SEO plugin v27.4 - https:\/\/yoast.com\/product\/yoast-seo-wordpress\/ -->\n<title>Images from &quot;Les Rencontres de mai 2013&quot; &#8211; Mouvement Fran\u00e7ais des Plieurs de Papier<\/title>\n<meta name=\"robots\" content=\"index, follow, max-snippet:-1, max-image-preview:large, max-video-preview:-1\" \/>\n<link rel=\"canonical\" href=\"https:\/\/mfpp-origami.fr\/en\/239\/\" \/>\n<meta property=\"og:locale\" content=\"en_US\" \/>\n<meta property=\"og:type\" content=\"article\" \/>\n<meta property=\"og:title\" content=\"Images from &quot;Les Rencontres de mai 2013&quot; &#8211; Mouvement Fran\u00e7ais des Plieurs de Papier\" \/>\n<meta property=\"og:description\" content=\"Les Rencontres de mai 2013 ont \u00e9t\u00e9 un moment exceptionnel de plaisir et de pliage partag\u00e9s. Voici une s\u00e9lection de photos de l\u2019\u00e9v\u00e9nement en attendant les rencontres alsaciennes de&nbsp;2014\" \/>\n<meta property=\"og:url\" content=\"https:\/\/mfpp-origami.fr\/en\/239\/\" \/>\n<meta property=\"og:site_name\" content=\"Mouvement Fran\u00e7ais des Plieurs de Papier\" \/>\n<meta property=\"article:publisher\" content=\"https:\/\/www.facebook.com\/mfpp.origami\" \/>\n<meta property=\"article:published_time\" content=\"2013-12-16T11:50:00+00:00\" \/>\n<meta property=\"article:modified_time\" content=\"2014-03-26T09:08:48+00:00\" \/>\n<meta property=\"og:image\" content=\"https:\/\/mfpp-origami.fr\/media\/IMG_2131-scaled.jpg\" \/>\n\t<meta property=\"og:image:width\" content=\"2560\" \/>\n\t<meta property=\"og:image:height\" content=\"1707\" \/>\n\t<meta property=\"og:image:type\" content=\"image\/jpeg\" \/>\n<meta name=\"author\" content=\"Aur\u00e8le Duda\" \/>\n<meta name=\"twitter:card\" content=\"summary_large_image\" \/>\n<meta name=\"twitter:label1\" content=\"Written by\" \/>\n\t<meta name=\"twitter:data1\" content=\"Aur\u00e8le Duda\" \/>\n<script type=\"application\/ld+json\" class=\"yoast-schema-graph\">{\"@context\":\"https:\\\/\\\/schema.org\",\"@graph\":[{\"@type\":\"Article\",\"@id\":\"https:\\\/\\\/mfpp-origami.fr\\\/en\\\/239\\\/#article\",\"isPartOf\":{\"@id\":\"https:\\\/\\\/mfpp-origami.fr\\\/en\\\/239\\\/\"},\"author\":{\"name\":\"Aur\u00e8le Duda\",\"@id\":\"https:\\\/\\\/mfpp-origami.fr\\\/#\\\/schema\\\/person\\\/3bb2a0efd68ceb0925a20d74724d862e\"},\"headline\":\"Images from \u00ab&nbsp;Les Rencontres de mai&nbsp;2013&nbsp;\u00bb\",\"datePublished\":\"2013-12-16T11:50:00+00:00\",\"dateModified\":\"2014-03-26T09:08:48+00:00\",\"mainEntityOfPage\":{\"@id\":\"https:\\\/\\\/mfpp-origami.fr\\\/en\\\/239\\\/\"},\"wordCount\":86,\"publisher\":{\"@id\":\"https:\\\/\\\/mfpp-origami.fr\\\/#organization\"},\"image\":{\"@id\":\"https:\\\/\\\/mfpp-origami.fr\\\/en\\\/239\\\/#primaryimage\"},\"thumbnailUrl\":\"https:\\\/\\\/mfpp-origami.fr\\\/media\\\/IMG_2131-scaled.jpg\",\"articleSection\":[\"Latest News\",\"Conventions\",\"Le MFPP\"],\"inLanguage\":\"en-US\"},{\"@type\":\"WebPage\",\"@id\":\"https:\\\/\\\/mfpp-origami.fr\\\/en\\\/239\\\/\",\"url\":\"https:\\\/\\\/mfpp-origami.fr\\\/en\\\/239\\\/\",\"name\":\"Les rencontres de mai 2013 en imagesImages from \\\"Les Rencontres de mai 2013\\\" &#8211; Mouvement Fran\u00e7ais des Plieurs de Papier\",\"isPartOf\":{\"@id\":\"https:\\\/\\\/mfpp-origami.fr\\\/en\\\/#website\"},\"primaryImageOfPage\":{\"@id\":\"https:\\\/\\\/mfpp-origami.fr\\\/en\\\/239\\\/#primaryimage\"},\"image\":{\"@id\":\"https:\\\/\\\/mfpp-origami.fr\\\/en\\\/239\\\/#primaryimage\"},\"thumbnailUrl\":\"https:\\\/\\\/mfpp-origami.fr\\\/media\\\/IMG_2131-scaled.jpg\",\"datePublished\":\"2013-12-16T11:50:00+00:00\",\"dateModified\":\"2014-03-26T09:08:48+00:00\",\"breadcrumb\":{\"@id\":\"https:\\\/\\\/mfpp-origami.fr\\\/en\\\/239\\\/#breadcrumb\"},\"inLanguage\":\"en-US\",\"potentialAction\":[{\"@type\":\"ReadAction\",\"target\":[[\"https:\\\/\\\/mfpp-origami.fr\\\/en\\\/239\\\/\"]]}]},{\"@type\":\"ImageObject\",\"inLanguage\":\"en-US\",\"@id\":\"https:\\\/\\\/mfpp-origami.fr\\\/en\\\/239\\\/#primaryimage\",\"url\":\"https:\\\/\\\/mfpp-origami.fr\\\/media\\\/IMG_2131-scaled.jpg\",\"contentUrl\":\"https:\\\/\\\/mfpp-origami.fr\\\/media\\\/IMG_2131-scaled.jpg\",\"width\":2560,\"height\":1707,\"caption\":\"Vue des ateliers\"},{\"@type\":\"BreadcrumbList\",\"@id\":\"https:\\\/\\\/mfpp-origami.fr\\\/en\\\/239\\\/#breadcrumb\",\"itemListElement\":[{\"@type\":\"ListItem\",\"position\":1,\"name\":\"Accueil\",\"item\":\"https:\\\/\\\/mfpp-origami.fr\\\/en\\\/\"},{\"@type\":\"ListItem\",\"position\":2,\"name\":\"Images from \u00ab&nbsp;Les Rencontres de mai&nbsp;2013&nbsp;\u00bb\"}]},{\"@type\":\"WebSite\",\"@id\":\"https:\\\/\\\/mfpp-origami.fr\\\/en\\\/#website\",\"url\":\"https:\\\/\\\/mfpp-origami.fr\\\/en\\\/\",\"name\":\"Mouvement Fran\u00e7ais des Plieurs de Papier\",\"description\":\"French association for the promotion of origami\",\"publisher\":{\"@id\":\"https:\\\/\\\/mfpp-origami.fr\\\/en\\\/#organization\"},\"potentialAction\":[{\"@type\":\"SearchAction\",\"target\":{\"@type\":\"EntryPoint\",\"urlTemplate\":\"https:\\\/\\\/mfpp-origami.fr\\\/en\\\/?s={search_term_string}\"},\"query-input\":{\"@type\":\"PropertyValueSpecification\",\"valueRequired\":true,\"valueName\":\"search_term_string\"}}],\"inLanguage\":\"en-US\"},{\"@type\":\"Organization\",\"@id\":\"https:\\\/\\\/mfpp-origami.fr\\\/en\\\/#organization\",\"name\":\"Mouvement fran\u00e7ais des plieurs de papier\",\"url\":\"https:\\\/\\\/mfpp-origami.fr\\\/en\\\/\",\"logo\":{\"@type\":\"ImageObject\",\"inLanguage\":\"en-US\",\"@id\":\"https:\\\/\\\/mfpp-origami.fr\\\/en\\\/#\\\/schema\\\/logo\\\/image\\\/\",\"url\":\"https:\\\/\\\/mfpp-origami.fr\\\/media\\\/logo_web.png\",\"contentUrl\":\"https:\\\/\\\/mfpp-origami.fr\\\/media\\\/logo_web.png\",\"width\":499,\"height\":167,\"caption\":\"Mouvement fran\u00e7ais des plieurs de papier\"},\"image\":{\"@id\":\"https:\\\/\\\/mfpp-origami.fr\\\/en\\\/#\\\/schema\\\/logo\\\/image\\\/\"},\"sameAs\":[\"https:\\\/\\\/www.facebook.com\\\/mfpp.origami\",\"https:\\\/\\\/www.instagram.com\\\/origami_mfpp\\\/\",\"https:\\\/\\\/www.youtube.com\\\/channel\\\/UC72tuiSDql1EMf0oLmjvV4w\"]},{\"@type\":\"Person\",\"@id\":\"https:\\\/\\\/mfpp-origami.fr\\\/#\\\/schema\\\/person\\\/3bb2a0efd68ceb0925a20d74724d862e\",\"name\":\"Aur\u00e8le Duda\",\"image\":{\"@type\":\"ImageObject\",\"inLanguage\":\"en-US\",\"@id\":\"https:\\\/\\\/mfpp-origami.fr\\\/wp-content\\\/litespeed\\\/avatar\\\/7432e615cd3d3eb6f8583b4f98e05bf6.jpg?ver=1777213973\",\"url\":\"https:\\\/\\\/mfpp-origami.fr\\\/wp-content\\\/litespeed\\\/avatar\\\/7432e615cd3d3eb6f8583b4f98e05bf6.jpg?ver=1777213973\",\"contentUrl\":\"https:\\\/\\\/mfpp-origami.fr\\\/wp-content\\\/litespeed\\\/avatar\\\/7432e615cd3d3eb6f8583b4f98e05bf6.jpg?ver=1777213973\",\"caption\":\"Aur\u00e8le Duda\"},\"sameAs\":[\"https:\\\/\\\/aureleduda.com\"]}]}<\/script>\n<!-- \/ Yoast SEO plugin. -->","yoast_head_json":{"title":"Images from \"Les Rencontres de mai 2013\" &#8211; Mouvement Fran\u00e7ais des Plieurs de Papier","robots":{"index":"index","follow":"follow","max-snippet":"max-snippet:-1","max-image-preview":"max-image-preview:large","max-video-preview":"max-video-preview:-1"},"canonical":"https:\/\/mfpp-origami.fr\/en\/239\/","og_locale":"en_US","og_type":"article","og_title":"Images from \"Les Rencontres de mai 2013\" &#8211; Mouvement Fran\u00e7ais des Plieurs de Papier","og_description":"Les Rencontres de mai 2013 ont \u00e9t\u00e9 un moment exceptionnel de plaisir et de pliage partag\u00e9s. Voici une s\u00e9lection de photos de l\u2019\u00e9v\u00e9nement en attendant les rencontres alsaciennes de&nbsp;2014","og_url":"https:\/\/mfpp-origami.fr\/en\/239\/","og_site_name":"Mouvement Fran\u00e7ais des Plieurs de Papier","article_publisher":"https:\/\/www.facebook.com\/mfpp.origami","article_published_time":"2013-12-16T11:50:00+00:00","article_modified_time":"2014-03-26T09:08:48+00:00","og_image":[{"width":2560,"height":1707,"url":"https:\/\/mfpp-origami.fr\/media\/IMG_2131-scaled.jpg","type":"image\/jpeg"}],"author":"Aur\u00e8le Duda","twitter_card":"summary_large_image","twitter_misc":{"Written by":"Aur\u00e8le Duda"},"schema":{"@context":"https:\/\/schema.org","@graph":[{"@type":"Article","@id":"https:\/\/mfpp-origami.fr\/en\/239\/#article","isPartOf":{"@id":"https:\/\/mfpp-origami.fr\/en\/239\/"},"author":{"name":"Aur\u00e8le Duda","@id":"https:\/\/mfpp-origami.fr\/#\/schema\/person\/3bb2a0efd68ceb0925a20d74724d862e"},"headline":"Images from \u00ab&nbsp;Les Rencontres de mai&nbsp;2013&nbsp;\u00bb","datePublished":"2013-12-16T11:50:00+00:00","dateModified":"2014-03-26T09:08:48+00:00","mainEntityOfPage":{"@id":"https:\/\/mfpp-origami.fr\/en\/239\/"},"wordCount":86,"publisher":{"@id":"https:\/\/mfpp-origami.fr\/#organization"},"image":{"@id":"https:\/\/mfpp-origami.fr\/en\/239\/#primaryimage"},"thumbnailUrl":"https:\/\/mfpp-origami.fr\/media\/IMG_2131-scaled.jpg","articleSection":["Latest News","Conventions","Le MFPP"],"inLanguage":"en-US"},{"@type":"WebPage","@id":"https:\/\/mfpp-origami.fr\/en\/239\/","url":"https:\/\/mfpp-origami.fr\/en\/239\/","name":"Les rencontres de mai 2013 en imagesImages from \"Les Rencontres de mai 2013\" &#8211; Mouvement Fran\u00e7ais des Plieurs de Papier","isPartOf":{"@id":"https:\/\/mfpp-origami.fr\/en\/#website"},"primaryImageOfPage":{"@id":"https:\/\/mfpp-origami.fr\/en\/239\/#primaryimage"},"image":{"@id":"https:\/\/mfpp-origami.fr\/en\/239\/#primaryimage"},"thumbnailUrl":"https:\/\/mfpp-origami.fr\/media\/IMG_2131-scaled.jpg","datePublished":"2013-12-16T11:50:00+00:00","dateModified":"2014-03-26T09:08:48+00:00","breadcrumb":{"@id":"https:\/\/mfpp-origami.fr\/en\/239\/#breadcrumb"},"inLanguage":"en-US","potentialAction":[{"@type":"ReadAction","target":[["https:\/\/mfpp-origami.fr\/en\/239\/"]]}]},{"@type":"ImageObject","inLanguage":"en-US","@id":"https:\/\/mfpp-origami.fr\/en\/239\/#primaryimage","url":"https:\/\/mfpp-origami.fr\/media\/IMG_2131-scaled.jpg","contentUrl":"https:\/\/mfpp-origami.fr\/media\/IMG_2131-scaled.jpg","width":2560,"height":1707,"caption":"Vue des ateliers"},{"@type":"BreadcrumbList","@id":"https:\/\/mfpp-origami.fr\/en\/239\/#breadcrumb","itemListElement":[{"@type":"ListItem","position":1,"name":"Accueil","item":"https:\/\/mfpp-origami.fr\/en\/"},{"@type":"ListItem","position":2,"name":"Images from \u00ab&nbsp;Les Rencontres de mai&nbsp;2013&nbsp;\u00bb"}]},{"@type":"WebSite","@id":"https:\/\/mfpp-origami.fr\/en\/#website","url":"https:\/\/mfpp-origami.fr\/en\/","name":"Mouvement Fran\u00e7ais des Plieurs de Papier","description":"French association for the promotion of origami","publisher":{"@id":"https:\/\/mfpp-origami.fr\/en\/#organization"},"potentialAction":[{"@type":"SearchAction","target":{"@type":"EntryPoint","urlTemplate":"https:\/\/mfpp-origami.fr\/en\/?s={search_term_string}"},"query-input":{"@type":"PropertyValueSpecification","valueRequired":true,"valueName":"search_term_string"}}],"inLanguage":"en-US"},{"@type":"Organization","@id":"https:\/\/mfpp-origami.fr\/en\/#organization","name":"Mouvement fran\u00e7ais des plieurs de papier","url":"https:\/\/mfpp-origami.fr\/en\/","logo":{"@type":"ImageObject","inLanguage":"en-US","@id":"https:\/\/mfpp-origami.fr\/en\/#\/schema\/logo\/image\/","url":"https:\/\/mfpp-origami.fr\/media\/logo_web.png","contentUrl":"https:\/\/mfpp-origami.fr\/media\/logo_web.png","width":499,"height":167,"caption":"Mouvement fran\u00e7ais des plieurs de papier"},"image":{"@id":"https:\/\/mfpp-origami.fr\/en\/#\/schema\/logo\/image\/"},"sameAs":["https:\/\/www.facebook.com\/mfpp.origami","https:\/\/www.instagram.com\/origami_mfpp\/","https:\/\/www.youtube.com\/channel\/UC72tuiSDql1EMf0oLmjvV4w"]},{"@type":"Person","@id":"https:\/\/mfpp-origami.fr\/#\/schema\/person\/3bb2a0efd68ceb0925a20d74724d862e","name":"Aur\u00e8le Duda","image":{"@type":"ImageObject","inLanguage":"en-US","@id":"https:\/\/mfpp-origami.fr\/wp-content\/litespeed\/avatar\/7432e615cd3d3eb6f8583b4f98e05bf6.jpg?ver=1777213973","url":"https:\/\/mfpp-origami.fr\/wp-content\/litespeed\/avatar\/7432e615cd3d3eb6f8583b4f98e05bf6.jpg?ver=1777213973","contentUrl":"https:\/\/mfpp-origami.fr\/wp-content\/litespeed\/avatar\/7432e615cd3d3eb6f8583b4f98e05bf6.jpg?ver=1777213973","caption":"Aur\u00e8le Duda"},"sameAs":["https:\/\/aureleduda.com"]}]}},"vimeo_video":null,"_links":{"self":[{"href":"https:\/\/mfpp-origami.fr\/en\/wp-json\/wp\/v2\/posts\/239","targetHints":{"allow":["GET"]}}],"collection":[{"href":"https:\/\/mfpp-origami.fr\/en\/wp-json\/wp\/v2\/posts"}],"about":[{"href":"https:\/\/mfpp-origami.fr\/en\/wp-json\/wp\/v2\/types\/post"}],"author":[{"embeddable":true,"href":"https:\/\/mfpp-origami.fr\/en\/wp-json\/wp\/v2\/users\/1"}],"replies":[{"embeddable":true,"href":"https:\/\/mfpp-origami.fr\/en\/wp-json\/wp\/v2\/comments?post=239"}],"version-history":[{"count":0,"href":"https:\/\/mfpp-origami.fr\/en\/wp-json\/wp\/v2\/posts\/239\/revisions"}],"wp:featuredmedia":[{"embeddable":true,"href":"https:\/\/mfpp-origami.fr\/en\/wp-json\/wp\/v2\/media\/912"}],"wp:attachment":[{"href":"https:\/\/mfpp-origami.fr\/en\/wp-json\/wp\/v2\/media?parent=239"}],"wp:term":[{"taxonomy":"category","embeddable":true,"href":"https:\/\/mfpp-origami.fr\/en\/wp-json\/wp\/v2\/categories?post=239"},{"taxonomy":"post_tag","embeddable":true,"href":"https:\/\/mfpp-origami.fr\/en\/wp-json\/wp\/v2\/tags?post=239"}],"curies":[{"name":"wp","href":"https:\/\/api.w.org\/{rel}","templated":true}]}}