
{"id":221,"date":"2012-11-28T13:48:58","date_gmt":"2012-11-28T12:48:58","guid":{"rendered":"http:\/\/mfpp-origami.fr\/?p=221"},"modified":"2014-02-09T19:36:43","modified_gmt":"2014-02-09T18:36:43","slug":"les-rencontres-de-mai-2013-2","status":"publish","type":"post","link":"https:\/\/mfpp-origami.fr\/en\/les-rencontres-de-mai-2013-2\/","title":{"rendered":"Les Rencontres de Mai&nbsp;2013"},"content":{"rendered":"<p><\/p>\n<p><span style=\"font-family: arial,helvetica,sans-serif; font-size: small; color: #000000;\"><span style=\"font-size: medium;\"><em>Les Rencontres de Mai 2013<\/em><\/span> ont eu lieu <strong>\u00e0&nbsp;Dijon, du 9&nbsp;au 12 mai 2013<\/strong>, \u00e0&nbsp;la <a href=\"http:\/\/www.dijon.fr\/culture!0-1\/le-jardin-des-sciences-museum-planetarium-jardin-botanique!1-33\/\" target=\"_blank\">Grande Orangerie du Museum Jardin des Sciences de l\u2019Arquebuse<\/a>.<\/span><\/p>\n<p><span style=\"font-size: small; color: #000000;\">Nos invit\u00e9s \u00e9taient&nbsp;:<\/span><\/p>\n<p><span style=\"font-size: medium; color: #000000;\"><strong>Tomoko Fuse<\/strong><\/span><br><span style=\"font-size: small; color: #000000; font-family: arial,helvetica,sans-serif;\"> Plus de vingt ans apr\u00e8s sa participation aux Rencontres de Mai en 1991, elle nous fait l\u2019honneur et le plaisir de nous rendre une nouvelle visite.<\/span><img loading=\"lazy\" decoding=\"async\" class=\" alignright size-full wp-image-166\" src=\"http:\/\/mfpp-origami.fr\/wp-content\/uploads\/2012\/11\/Tomoko_Fuse_2.jpg\" border=\"0\" alt=\"Modulaire de Tomoko Fuse\" title=\"Modulaire de Tomoko Fuse\" width=\"2260\" height=\"2200\" style=\"float: right;\"><br><span style=\"color: #000000; font-family: arial,helvetica,sans-serif;\">L\u2019\u0153uvre de Tomoko Fuse a&nbsp;donn\u00e9 \u00e0&nbsp;l\u2019origami modulaire ses lettres de <\/span><span style=\"color: #000000; font-family: arial,helvetica,sans-serif;\">noblesse&nbsp;: figures g\u00e9om\u00e9triques, bo\u00eetes, et \u00e9l\u00e9ments d\u00e9coratifs les plus vari\u00e9s allient la pr\u00e9cision, l\u2019esth\u00e9tique, et le raffinement f\u00e9minin. Ses nombreux livres sont connus dans le monde entier depuis les ann\u00e9es 80 et r\u00e9put\u00e9s pour la qualit\u00e9 des diagrammes.<\/span><\/p>\n<p><\/p>\n<p><span style=\"font-family: arial,helvetica,sans-serif; font-size: small; color: #000000;\"><span style=\"font-size: medium;\"><strong><img loading=\"lazy\" decoding=\"async\" class=\" alignleft size-full wp-image-167\" src=\"http:\/\/mfpp-origami.fr\/wp-content\/uploads\/2012\/11\/Quyet_Hoang_Tien_1.jpg\" border=\"0\" alt=\"Quyet Hoang Tien portrait\" title=\"Quyet Hoang Tien portrait\" width=\"420\" height=\"560\" style=\"float: left; margin-left: 10px; margin-right: 10px;\">Hoang Tien Quyet<\/strong><\/span><br><\/span><span style=\"font-family: arial,helvetica,sans-serif; font-size: small; color: #000000;\">Membre du Vietnam Origami Group, qui rassemble les jeunes plieurs virtuoses <img loading=\"lazy\" decoding=\"async\" class=\" alignright size-full wp-image-168\" src=\"http:\/\/mfpp-origami.fr\/wp-content\/uploads\/2012\/11\/Quyet_Hoang_Tien_2.jpg\" border=\"0\" alt=\"Cheval de Quyet Hoang Tien\" title=\"Cheval de Quyet Hoang Tien\" width=\"1410\" height=\"1880\" style=\"float: right;\">vietnamiens. Gr\u00e2ce aux encouragements et aux conseils de Giang Dinh, il a&nbsp;d\u00e9velopp\u00e9 une tr\u00e8s belle technique de pliage humide (wet folding). Ses th\u00e8mes de pr\u00e9dilection sont la faune et la flore, dans des formes stylis\u00e9es tr\u00e8s personnelles.<\/span><span style=\"font-family: arial,helvetica,sans-serif; font-size: small;\"><br><span style=\"color: #000000;\">Quelques photos de ses mod\u00e8les en ligne&nbsp;<\/span>: <a href=\"http:\/\/www.flickr.com\/photos\/ori_q\/\" target=\"_blank\" title=\"gallerie flickr de Hoang Tien Quyet\">http:\/\/www.flickr.com\/photos\/ori_q\/<\/a><\/span><\/p>\n<p><\/p>\n<p><span style=\"color: #000000;\"><strong><span style=\"font-family: arial,helvetica,sans-serif; font-size: medium;\"><img loading=\"lazy\" decoding=\"async\" class=\" alignleft size-full wp-image-169\" src=\"http:\/\/mfpp-origami.fr\/wp-content\/uploads\/2012\/11\/Aurle_Duda_1.JPG\" border=\"0\" alt=\"Aur\u00e8le Duda portrait\" title=\"Aur\u00e8le Duda portrait\" width=\"450\" height=\"600\" style=\"float: left; margin-left: 10px; margin-right: 10px;\">Aur\u00e8le Duda<\/span><\/strong><span style=\"font-family: arial,helvetica,sans-serif; font-size: small;\"><br><\/span><\/span><span style=\"font-family: arial,helvetica,sans-serif; font-size: small; color: #000000;\">Artiste plasticien fran\u00e7ais qui utilise les techniques de l\u2019origami. Il est l\u2019auteur aussi bien de mod\u00e8les inspir\u00e9s de la nature que de figures g\u00e9om\u00e9triques ou abstraites. Il fabrique <img loading=\"lazy\" decoding=\"async\" class=\" alignright size-full wp-image-170\" src=\"http:\/\/mfpp-origami.fr\/wp-content\/uploads\/2012\/11\/Aurle_Duda_2.jpg\" border=\"0\" alt=\"Nuages Lignes d'Aur\u00e8le Duda\" title=\"Nuages Lignes d'Aur\u00e8le Duda\" width=\"3264\" height=\"2448\" style=\"float: right;\">lui-m\u00eame ses papiers \u00e0&nbsp;partir de fibres v\u00e9g\u00e9tales tr\u00e8s vari\u00e9es, ce qui donne un cachet unique \u00e0&nbsp;ses r\u00e9alisations et \u00e0&nbsp;ses expositions.<\/span><br><span style=\"color: #000000;\">Administrateur du Forum Fran\u00e7ais <a href=\"http:\/\/pliagedepapier.com\" target=\"_blank\" title=\"Forum francophone d'origami\">pliagedepapier.com<\/a>, et actuellement membre du Conseil d\u2019Administration du MFPP, il participe activement au renouveau de l\u2019association fran\u00e7aise et \u00e0&nbsp;la promotion de la nouvelle g\u00e9n\u00e9ration des plieurs f<span style=\"font-family: arial,helvetica,sans-serif; font-size: small;\">ran\u00e7ais.<\/span><span style=\"font-family: arial,helvetica,sans-serif; font-size: small;\"><br>Voir son site&nbsp;: <a href=\"http:\/\/aureleduda.com\/\" target=\"_blank\" title=\"Site d'Aur\u00e8le Duda\">http:\/\/aureleduda.com<\/a><a href=\"http:\/\/aureleduda.com\/\" target=\"_blank\" title=\"Site d'Aur\u00e8le Duda\"><\/a><\/span><\/span><\/p>\n<p><!--more--><\/p>","protected":false},"excerpt":{"rendered":"<p>Les Rencontres de Mai 2013 ont eu lieu \u00e0&nbsp;Dijon, du 9&nbsp;au 12 mai 2013, \u00e0&nbsp;la Grande Orangerie du Museum Jardin des Sciences de l\u2019Arquebuse. Nos invit\u00e9s \u00e9taient&nbsp;: Tomoko Fuse Plus de vingt ans apr\u00e8s sa participation aux Rencontres de Mai \u2026 <a href=\"https:\/\/mfpp-origami.fr\/en\/les-rencontres-de-mai-2013-2\/\">Continued<\/a><\/p>\n","protected":false},"author":1,"featured_media":0,"comment_status":"closed","ping_status":"closed","sticky":false,"template":"","format":"standard","meta":{"_acf_changed":false,"wp_typography_post_enhancements_disabled":false,"ngg_post_thumbnail":0,"__cvm_playback_settings":[],"__cvm_video_id":"","footnotes":""},"categories":[9,12,4],"tags":[],"class_list":["post-221","post","type-post","status-publish","format-standard","hentry","category-actualites","category-conventions","category-le-mfpp"],"acf":[],"yoast_head":"<!-- This site is optimized with the Yoast SEO plugin v27.4 - https:\/\/yoast.com\/product\/yoast-seo-wordpress\/ -->\n<title>Les Rencontres de Mai 2013 &#8211; Mouvement Fran\u00e7ais des Plieurs de Papier<\/title>\n<meta name=\"robots\" content=\"index, follow, max-snippet:-1, max-image-preview:large, max-video-preview:-1\" \/>\n<link rel=\"canonical\" href=\"https:\/\/mfpp-origami.fr\/en\/les-rencontres-de-mai-2013-2\/\" \/>\n<meta property=\"og:locale\" content=\"en_US\" \/>\n<meta property=\"og:type\" content=\"article\" \/>\n<meta property=\"og:title\" content=\"Les Rencontres de Mai 2013 &#8211; Mouvement Fran\u00e7ais des Plieurs de Papier\" \/>\n<meta property=\"og:description\" content=\"Les Rencontres de Mai 2013 ont eu lieu \u00e0&nbsp;Dijon, du 9&nbsp;au 12 mai 2013, \u00e0&nbsp;la Grande Orangerie du Museum Jardin des Sciences de l\u2019Arquebuse. Nos invit\u00e9s \u00e9taient&nbsp;: Tomoko Fuse Plus de vingt ans apr\u00e8s sa participation aux Rencontres de Mai &hellip; Continued\" \/>\n<meta property=\"og:url\" content=\"https:\/\/mfpp-origami.fr\/en\/les-rencontres-de-mai-2013-2\/\" \/>\n<meta property=\"og:site_name\" content=\"Mouvement Fran\u00e7ais des Plieurs de Papier\" \/>\n<meta property=\"article:publisher\" content=\"https:\/\/www.facebook.com\/mfpp.origami\" \/>\n<meta property=\"article:published_time\" content=\"2012-11-28T12:48:58+00:00\" \/>\n<meta property=\"article:modified_time\" content=\"2014-02-09T18:36:43+00:00\" \/>\n<meta property=\"og:image\" content=\"http:\/\/mfpp-origami.fr\/wp-content\/uploads\/2012\/11\/Tomoko_Fuse_2.jpg\" \/>\n<meta name=\"author\" content=\"Aur\u00e8le Duda\" \/>\n<meta name=\"twitter:card\" content=\"summary_large_image\" \/>\n<meta name=\"twitter:label1\" content=\"Written by\" \/>\n\t<meta name=\"twitter:data1\" content=\"Aur\u00e8le Duda\" \/>\n\t<meta name=\"twitter:label2\" content=\"Est. reading time\" \/>\n\t<meta name=\"twitter:data2\" content=\"3 minutes\" \/>\n<script type=\"application\/ld+json\" class=\"yoast-schema-graph\">{\"@context\":\"https:\\\/\\\/schema.org\",\"@graph\":[{\"@type\":\"Article\",\"@id\":\"https:\\\/\\\/mfpp-origami.fr\\\/en\\\/les-rencontres-de-mai-2013-2\\\/#article\",\"isPartOf\":{\"@id\":\"https:\\\/\\\/mfpp-origami.fr\\\/en\\\/les-rencontres-de-mai-2013-2\\\/\"},\"author\":{\"name\":\"Aur\u00e8le Duda\",\"@id\":\"https:\\\/\\\/mfpp-origami.fr\\\/#\\\/schema\\\/person\\\/3bb2a0efd68ceb0925a20d74724d862e\"},\"headline\":\"Les Rencontres de Mai&nbsp;2013\",\"datePublished\":\"2012-11-28T12:48:58+00:00\",\"dateModified\":\"2014-02-09T18:36:43+00:00\",\"mainEntityOfPage\":{\"@id\":\"https:\\\/\\\/mfpp-origami.fr\\\/en\\\/les-rencontres-de-mai-2013-2\\\/\"},\"wordCount\":607,\"publisher\":{\"@id\":\"https:\\\/\\\/mfpp-origami.fr\\\/#organization\"},\"image\":{\"@id\":\"https:\\\/\\\/mfpp-origami.fr\\\/en\\\/les-rencontres-de-mai-2013-2\\\/#primaryimage\"},\"thumbnailUrl\":\"http:\\\/\\\/mfpp-origami.fr\\\/wp-content\\\/uploads\\\/2012\\\/11\\\/Tomoko_Fuse_2.jpg\",\"articleSection\":[\"Latest News\",\"Conventions\",\"Le MFPP\"],\"inLanguage\":\"en-US\"},{\"@type\":\"WebPage\",\"@id\":\"https:\\\/\\\/mfpp-origami.fr\\\/en\\\/les-rencontres-de-mai-2013-2\\\/\",\"url\":\"https:\\\/\\\/mfpp-origami.fr\\\/en\\\/les-rencontres-de-mai-2013-2\\\/\",\"name\":\"Les Rencontres de Mai 2013 &#8211; Mouvement Fran\u00e7ais des Plieurs de Papier\",\"isPartOf\":{\"@id\":\"https:\\\/\\\/mfpp-origami.fr\\\/en\\\/#website\"},\"primaryImageOfPage\":{\"@id\":\"https:\\\/\\\/mfpp-origami.fr\\\/en\\\/les-rencontres-de-mai-2013-2\\\/#primaryimage\"},\"image\":{\"@id\":\"https:\\\/\\\/mfpp-origami.fr\\\/en\\\/les-rencontres-de-mai-2013-2\\\/#primaryimage\"},\"thumbnailUrl\":\"http:\\\/\\\/mfpp-origami.fr\\\/wp-content\\\/uploads\\\/2012\\\/11\\\/Tomoko_Fuse_2.jpg\",\"datePublished\":\"2012-11-28T12:48:58+00:00\",\"dateModified\":\"2014-02-09T18:36:43+00:00\",\"breadcrumb\":{\"@id\":\"https:\\\/\\\/mfpp-origami.fr\\\/en\\\/les-rencontres-de-mai-2013-2\\\/#breadcrumb\"},\"inLanguage\":\"en-US\",\"potentialAction\":[{\"@type\":\"ReadAction\",\"target\":[[\"https:\\\/\\\/mfpp-origami.fr\\\/en\\\/les-rencontres-de-mai-2013-2\\\/\"]]}]},{\"@type\":\"ImageObject\",\"inLanguage\":\"en-US\",\"@id\":\"https:\\\/\\\/mfpp-origami.fr\\\/en\\\/les-rencontres-de-mai-2013-2\\\/#primaryimage\",\"url\":\"http:\\\/\\\/mfpp-origami.fr\\\/wp-content\\\/uploads\\\/2012\\\/11\\\/Tomoko_Fuse_2.jpg\",\"contentUrl\":\"http:\\\/\\\/mfpp-origami.fr\\\/wp-content\\\/uploads\\\/2012\\\/11\\\/Tomoko_Fuse_2.jpg\"},{\"@type\":\"BreadcrumbList\",\"@id\":\"https:\\\/\\\/mfpp-origami.fr\\\/en\\\/les-rencontres-de-mai-2013-2\\\/#breadcrumb\",\"itemListElement\":[{\"@type\":\"ListItem\",\"position\":1,\"name\":\"Accueil\",\"item\":\"https:\\\/\\\/mfpp-origami.fr\\\/en\\\/\"},{\"@type\":\"ListItem\",\"position\":2,\"name\":\"Les Rencontres de Mai&nbsp;2013\"}]},{\"@type\":\"WebSite\",\"@id\":\"https:\\\/\\\/mfpp-origami.fr\\\/en\\\/#website\",\"url\":\"https:\\\/\\\/mfpp-origami.fr\\\/en\\\/\",\"name\":\"Mouvement Fran\u00e7ais des Plieurs de Papier\",\"description\":\"French association for the promotion of origami\",\"publisher\":{\"@id\":\"https:\\\/\\\/mfpp-origami.fr\\\/en\\\/#organization\"},\"potentialAction\":[{\"@type\":\"SearchAction\",\"target\":{\"@type\":\"EntryPoint\",\"urlTemplate\":\"https:\\\/\\\/mfpp-origami.fr\\\/en\\\/?s={search_term_string}\"},\"query-input\":{\"@type\":\"PropertyValueSpecification\",\"valueRequired\":true,\"valueName\":\"search_term_string\"}}],\"inLanguage\":\"en-US\"},{\"@type\":\"Organization\",\"@id\":\"https:\\\/\\\/mfpp-origami.fr\\\/en\\\/#organization\",\"name\":\"Mouvement fran\u00e7ais des plieurs de papier\",\"url\":\"https:\\\/\\\/mfpp-origami.fr\\\/en\\\/\",\"logo\":{\"@type\":\"ImageObject\",\"inLanguage\":\"en-US\",\"@id\":\"https:\\\/\\\/mfpp-origami.fr\\\/en\\\/#\\\/schema\\\/logo\\\/image\\\/\",\"url\":\"https:\\\/\\\/mfpp-origami.fr\\\/media\\\/logo_web.png\",\"contentUrl\":\"https:\\\/\\\/mfpp-origami.fr\\\/media\\\/logo_web.png\",\"width\":499,\"height\":167,\"caption\":\"Mouvement fran\u00e7ais des plieurs de papier\"},\"image\":{\"@id\":\"https:\\\/\\\/mfpp-origami.fr\\\/en\\\/#\\\/schema\\\/logo\\\/image\\\/\"},\"sameAs\":[\"https:\\\/\\\/www.facebook.com\\\/mfpp.origami\",\"https:\\\/\\\/www.instagram.com\\\/origami_mfpp\\\/\",\"https:\\\/\\\/www.youtube.com\\\/channel\\\/UC72tuiSDql1EMf0oLmjvV4w\"]},{\"@type\":\"Person\",\"@id\":\"https:\\\/\\\/mfpp-origami.fr\\\/#\\\/schema\\\/person\\\/3bb2a0efd68ceb0925a20d74724d862e\",\"name\":\"Aur\u00e8le Duda\",\"image\":{\"@type\":\"ImageObject\",\"inLanguage\":\"en-US\",\"@id\":\"https:\\\/\\\/mfpp-origami.fr\\\/wp-content\\\/litespeed\\\/avatar\\\/7432e615cd3d3eb6f8583b4f98e05bf6.jpg?ver=1777213973\",\"url\":\"https:\\\/\\\/mfpp-origami.fr\\\/wp-content\\\/litespeed\\\/avatar\\\/7432e615cd3d3eb6f8583b4f98e05bf6.jpg?ver=1777213973\",\"contentUrl\":\"https:\\\/\\\/mfpp-origami.fr\\\/wp-content\\\/litespeed\\\/avatar\\\/7432e615cd3d3eb6f8583b4f98e05bf6.jpg?ver=1777213973\",\"caption\":\"Aur\u00e8le Duda\"},\"sameAs\":[\"https:\\\/\\\/aureleduda.com\"]}]}<\/script>\n<!-- \/ Yoast SEO plugin. -->","yoast_head_json":{"title":"Les Rencontres de Mai 2013 &#8211; Mouvement Fran\u00e7ais des Plieurs de Papier","robots":{"index":"index","follow":"follow","max-snippet":"max-snippet:-1","max-image-preview":"max-image-preview:large","max-video-preview":"max-video-preview:-1"},"canonical":"https:\/\/mfpp-origami.fr\/en\/les-rencontres-de-mai-2013-2\/","og_locale":"en_US","og_type":"article","og_title":"Les Rencontres de Mai 2013 &#8211; Mouvement Fran\u00e7ais des Plieurs de Papier","og_description":"Les Rencontres de Mai 2013 ont eu lieu \u00e0&nbsp;Dijon, du 9&nbsp;au 12 mai 2013, \u00e0&nbsp;la Grande Orangerie du Museum Jardin des Sciences de l\u2019Arquebuse. Nos invit\u00e9s \u00e9taient&nbsp;: Tomoko Fuse Plus de vingt ans apr\u00e8s sa participation aux Rencontres de Mai &hellip; Continued","og_url":"https:\/\/mfpp-origami.fr\/en\/les-rencontres-de-mai-2013-2\/","og_site_name":"Mouvement Fran\u00e7ais des Plieurs de Papier","article_publisher":"https:\/\/www.facebook.com\/mfpp.origami","article_published_time":"2012-11-28T12:48:58+00:00","article_modified_time":"2014-02-09T18:36:43+00:00","og_image":[{"url":"http:\/\/mfpp-origami.fr\/wp-content\/uploads\/2012\/11\/Tomoko_Fuse_2.jpg","type":"","width":"","height":""}],"author":"Aur\u00e8le Duda","twitter_card":"summary_large_image","twitter_misc":{"Written by":"Aur\u00e8le Duda","Est. reading time":"3 minutes"},"schema":{"@context":"https:\/\/schema.org","@graph":[{"@type":"Article","@id":"https:\/\/mfpp-origami.fr\/en\/les-rencontres-de-mai-2013-2\/#article","isPartOf":{"@id":"https:\/\/mfpp-origami.fr\/en\/les-rencontres-de-mai-2013-2\/"},"author":{"name":"Aur\u00e8le Duda","@id":"https:\/\/mfpp-origami.fr\/#\/schema\/person\/3bb2a0efd68ceb0925a20d74724d862e"},"headline":"Les Rencontres de Mai&nbsp;2013","datePublished":"2012-11-28T12:48:58+00:00","dateModified":"2014-02-09T18:36:43+00:00","mainEntityOfPage":{"@id":"https:\/\/mfpp-origami.fr\/en\/les-rencontres-de-mai-2013-2\/"},"wordCount":607,"publisher":{"@id":"https:\/\/mfpp-origami.fr\/#organization"},"image":{"@id":"https:\/\/mfpp-origami.fr\/en\/les-rencontres-de-mai-2013-2\/#primaryimage"},"thumbnailUrl":"http:\/\/mfpp-origami.fr\/wp-content\/uploads\/2012\/11\/Tomoko_Fuse_2.jpg","articleSection":["Latest News","Conventions","Le MFPP"],"inLanguage":"en-US"},{"@type":"WebPage","@id":"https:\/\/mfpp-origami.fr\/en\/les-rencontres-de-mai-2013-2\/","url":"https:\/\/mfpp-origami.fr\/en\/les-rencontres-de-mai-2013-2\/","name":"Les Rencontres de Mai 2013 &#8211; Mouvement Fran\u00e7ais des Plieurs de Papier","isPartOf":{"@id":"https:\/\/mfpp-origami.fr\/en\/#website"},"primaryImageOfPage":{"@id":"https:\/\/mfpp-origami.fr\/en\/les-rencontres-de-mai-2013-2\/#primaryimage"},"image":{"@id":"https:\/\/mfpp-origami.fr\/en\/les-rencontres-de-mai-2013-2\/#primaryimage"},"thumbnailUrl":"http:\/\/mfpp-origami.fr\/wp-content\/uploads\/2012\/11\/Tomoko_Fuse_2.jpg","datePublished":"2012-11-28T12:48:58+00:00","dateModified":"2014-02-09T18:36:43+00:00","breadcrumb":{"@id":"https:\/\/mfpp-origami.fr\/en\/les-rencontres-de-mai-2013-2\/#breadcrumb"},"inLanguage":"en-US","potentialAction":[{"@type":"ReadAction","target":[["https:\/\/mfpp-origami.fr\/en\/les-rencontres-de-mai-2013-2\/"]]}]},{"@type":"ImageObject","inLanguage":"en-US","@id":"https:\/\/mfpp-origami.fr\/en\/les-rencontres-de-mai-2013-2\/#primaryimage","url":"http:\/\/mfpp-origami.fr\/wp-content\/uploads\/2012\/11\/Tomoko_Fuse_2.jpg","contentUrl":"http:\/\/mfpp-origami.fr\/wp-content\/uploads\/2012\/11\/Tomoko_Fuse_2.jpg"},{"@type":"BreadcrumbList","@id":"https:\/\/mfpp-origami.fr\/en\/les-rencontres-de-mai-2013-2\/#breadcrumb","itemListElement":[{"@type":"ListItem","position":1,"name":"Accueil","item":"https:\/\/mfpp-origami.fr\/en\/"},{"@type":"ListItem","position":2,"name":"Les Rencontres de Mai&nbsp;2013"}]},{"@type":"WebSite","@id":"https:\/\/mfpp-origami.fr\/en\/#website","url":"https:\/\/mfpp-origami.fr\/en\/","name":"Mouvement Fran\u00e7ais des Plieurs de Papier","description":"French association for the promotion of origami","publisher":{"@id":"https:\/\/mfpp-origami.fr\/en\/#organization"},"potentialAction":[{"@type":"SearchAction","target":{"@type":"EntryPoint","urlTemplate":"https:\/\/mfpp-origami.fr\/en\/?s={search_term_string}"},"query-input":{"@type":"PropertyValueSpecification","valueRequired":true,"valueName":"search_term_string"}}],"inLanguage":"en-US"},{"@type":"Organization","@id":"https:\/\/mfpp-origami.fr\/en\/#organization","name":"Mouvement fran\u00e7ais des plieurs de papier","url":"https:\/\/mfpp-origami.fr\/en\/","logo":{"@type":"ImageObject","inLanguage":"en-US","@id":"https:\/\/mfpp-origami.fr\/en\/#\/schema\/logo\/image\/","url":"https:\/\/mfpp-origami.fr\/media\/logo_web.png","contentUrl":"https:\/\/mfpp-origami.fr\/media\/logo_web.png","width":499,"height":167,"caption":"Mouvement fran\u00e7ais des plieurs de papier"},"image":{"@id":"https:\/\/mfpp-origami.fr\/en\/#\/schema\/logo\/image\/"},"sameAs":["https:\/\/www.facebook.com\/mfpp.origami","https:\/\/www.instagram.com\/origami_mfpp\/","https:\/\/www.youtube.com\/channel\/UC72tuiSDql1EMf0oLmjvV4w"]},{"@type":"Person","@id":"https:\/\/mfpp-origami.fr\/#\/schema\/person\/3bb2a0efd68ceb0925a20d74724d862e","name":"Aur\u00e8le Duda","image":{"@type":"ImageObject","inLanguage":"en-US","@id":"https:\/\/mfpp-origami.fr\/wp-content\/litespeed\/avatar\/7432e615cd3d3eb6f8583b4f98e05bf6.jpg?ver=1777213973","url":"https:\/\/mfpp-origami.fr\/wp-content\/litespeed\/avatar\/7432e615cd3d3eb6f8583b4f98e05bf6.jpg?ver=1777213973","contentUrl":"https:\/\/mfpp-origami.fr\/wp-content\/litespeed\/avatar\/7432e615cd3d3eb6f8583b4f98e05bf6.jpg?ver=1777213973","caption":"Aur\u00e8le Duda"},"sameAs":["https:\/\/aureleduda.com"]}]}},"vimeo_video":null,"_links":{"self":[{"href":"https:\/\/mfpp-origami.fr\/en\/wp-json\/wp\/v2\/posts\/221","targetHints":{"allow":["GET"]}}],"collection":[{"href":"https:\/\/mfpp-origami.fr\/en\/wp-json\/wp\/v2\/posts"}],"about":[{"href":"https:\/\/mfpp-origami.fr\/en\/wp-json\/wp\/v2\/types\/post"}],"author":[{"embeddable":true,"href":"https:\/\/mfpp-origami.fr\/en\/wp-json\/wp\/v2\/users\/1"}],"replies":[{"embeddable":true,"href":"https:\/\/mfpp-origami.fr\/en\/wp-json\/wp\/v2\/comments?post=221"}],"version-history":[{"count":0,"href":"https:\/\/mfpp-origami.fr\/en\/wp-json\/wp\/v2\/posts\/221\/revisions"}],"wp:attachment":[{"href":"https:\/\/mfpp-origami.fr\/en\/wp-json\/wp\/v2\/media?parent=221"}],"wp:term":[{"taxonomy":"category","embeddable":true,"href":"https:\/\/mfpp-origami.fr\/en\/wp-json\/wp\/v2\/categories?post=221"},{"taxonomy":"post_tag","embeddable":true,"href":"https:\/\/mfpp-origami.fr\/en\/wp-json\/wp\/v2\/tags?post=221"}],"curies":[{"name":"wp","href":"https:\/\/api.w.org\/{rel}","templated":true}]}}