
{"id":211,"date":"2012-04-07T17:46:50","date_gmt":"2012-04-07T16:46:50","guid":{"rendered":"http:\/\/mfpp-origami.fr\/?p=211"},"modified":"2012-04-07T17:46:50","modified_gmt":"2012-04-07T16:46:50","slug":"refonte-de-loritheque-ete-2012-2","status":"publish","type":"post","link":"https:\/\/mfpp-origami.fr\/en\/refonte-de-loritheque-ete-2012-2\/","title":{"rendered":"Refonte de l\u2019Orith\u00e8que, \u00e9t\u00e9&nbsp;2012"},"content":{"rendered":"<p><span style=\"font-size: small; font-family: arial,helvetica,sans-serif;\">Cher(\u00e8)s adh\u00e9rent(e)s du&nbsp;MFPP,<\/span><\/p>\n<p><span style=\"font-size: small; font-family: arial,helvetica,sans-serif;\">Cet \u00e9t\u00e9, une refonte de l\u2019Orith\u00e8que est pr\u00e9vue.<\/span><br><span style=\"font-size: small; font-family: arial,helvetica,sans-serif;\">Pour qu\u2019elle se d\u00e9roule dans les meilleures conditions, nous vous prions de<\/span> <span style=\"font-size: small; font-family: arial,helvetica,sans-serif;\">bien vouloir renvoyer les livres de l\u2019Orith\u00e8que que vous pourriez encore<\/span> <span style=\"font-size: small; font-family: arial,helvetica,sans-serif;\">d\u00e9tenir avant le d\u00e9but du mois de&nbsp;juin.<\/span><\/p>\n<p>  <!--more-->  <\/p>\n<p><span style=\"font-size: small; font-family: arial,helvetica,sans-serif;\">Durant les vacances d\u2019\u00e9t\u00e9 (juillet et ao\u00fbt), nous nous verrons dans<\/span> <span style=\"font-size: small; font-family: arial,helvetica,sans-serif;\">l\u2019obligation de suspendre le pr\u00eat. Nous vous prions d\u2019accepter nos excuses pour la g\u00eane occasionn\u00e9e.<\/span><\/p>\n<p><span style=\"font-size: small; font-family: arial,helvetica,sans-serif;\">Vous serez tenus avertis de la reprise de l\u2019Orith\u00e8que sur ce site et dans le num\u00e9ro de&nbsp;rentr\u00e9e du <em>Pli<\/em>.<\/span><\/p>\n","protected":false},"excerpt":{"rendered":"<p>Cher(\u00e8)s adh\u00e9rent(e)s du&nbsp;MFPP, Cet \u00e9t\u00e9, une refonte de l\u2019Orith\u00e8que est pr\u00e9vue.Pour qu\u2019elle se d\u00e9roule dans les meilleures conditions, nous vous prions de bien vouloir renvoyer les livres de l\u2019Orith\u00e8que que vous pourriez encore d\u00e9tenir avant le d\u00e9but du mois de&nbsp;juin.<\/p>\n","protected":false},"author":1,"featured_media":0,"comment_status":"closed","ping_status":"closed","sticky":false,"template":"","format":"standard","meta":{"_acf_changed":false,"wp_typography_post_enhancements_disabled":false,"ngg_post_thumbnail":0,"__cvm_playback_settings":[],"__cvm_video_id":"","footnotes":""},"categories":[6],"tags":[],"class_list":["post-211","post","type-post","status-publish","format-standard","hentry","category-oritheque"],"acf":[],"yoast_head":"<!-- This site is optimized with the Yoast SEO plugin v27.5 - https:\/\/yoast.com\/product\/yoast-seo-wordpress\/ -->\n<title>Refonte de l&#039;Orith\u00e8que, \u00e9t\u00e9 2012 &#8211; Mouvement Fran\u00e7ais des Plieurs de Papier<\/title>\n<meta name=\"robots\" content=\"index, follow, max-snippet:-1, max-image-preview:large, max-video-preview:-1\" \/>\n<link rel=\"canonical\" href=\"https:\/\/mfpp-origami.fr\/en\/refonte-de-loritheque-ete-2012-2\/\" \/>\n<meta property=\"og:locale\" content=\"en_US\" \/>\n<meta property=\"og:type\" content=\"article\" \/>\n<meta property=\"og:title\" content=\"Refonte de l&#039;Orith\u00e8que, \u00e9t\u00e9 2012 &#8211; Mouvement Fran\u00e7ais des Plieurs de Papier\" \/>\n<meta property=\"og:description\" content=\"Cher(\u00e8)s adh\u00e9rent(e)s du&nbsp;MFPP, Cet \u00e9t\u00e9, une refonte de l\u2019Orith\u00e8que est pr\u00e9vue.Pour qu\u2019elle se d\u00e9roule dans les meilleures conditions, nous vous prions de bien vouloir renvoyer les livres de l\u2019Orith\u00e8que que vous pourriez encore d\u00e9tenir avant le d\u00e9but du mois de&nbsp;juin.\" \/>\n<meta property=\"og:url\" content=\"https:\/\/mfpp-origami.fr\/en\/refonte-de-loritheque-ete-2012-2\/\" \/>\n<meta property=\"og:site_name\" content=\"Mouvement Fran\u00e7ais des Plieurs de Papier\" \/>\n<meta property=\"article:publisher\" content=\"https:\/\/www.facebook.com\/mfpp.origami\" \/>\n<meta property=\"article:published_time\" content=\"2012-04-07T16:46:50+00:00\" \/>\n<meta property=\"og:image\" content=\"https:\/\/mfpp-origami.fr\/media\/cropped-logo_mfpp_square512.png\" \/>\n\t<meta property=\"og:image:width\" content=\"512\" \/>\n\t<meta property=\"og:image:height\" content=\"512\" \/>\n\t<meta property=\"og:image:type\" content=\"image\/png\" \/>\n<meta name=\"author\" content=\"Aur\u00e8le Duda\" \/>\n<meta name=\"twitter:card\" content=\"summary_large_image\" \/>\n<meta name=\"twitter:label1\" content=\"Written by\" \/>\n\t<meta name=\"twitter:data1\" content=\"Aur\u00e8le Duda\" \/>\n\t<meta name=\"twitter:label2\" content=\"Est. reading time\" \/>\n\t<meta name=\"twitter:data2\" content=\"1 minute\" \/>\n<script type=\"application\/ld+json\" class=\"yoast-schema-graph\">{\"@context\":\"https:\\\/\\\/schema.org\",\"@graph\":[{\"@type\":\"Article\",\"@id\":\"https:\\\/\\\/mfpp-origami.fr\\\/en\\\/refonte-de-loritheque-ete-2012-2\\\/#article\",\"isPartOf\":{\"@id\":\"https:\\\/\\\/mfpp-origami.fr\\\/en\\\/refonte-de-loritheque-ete-2012-2\\\/\"},\"author\":{\"name\":\"Aur\u00e8le Duda\",\"@id\":\"https:\\\/\\\/mfpp-origami.fr\\\/#\\\/schema\\\/person\\\/3bb2a0efd68ceb0925a20d74724d862e\"},\"headline\":\"Refonte de l\u2019Orith\u00e8que, \u00e9t\u00e9&nbsp;2012\",\"datePublished\":\"2012-04-07T16:46:50+00:00\",\"mainEntityOfPage\":{\"@id\":\"https:\\\/\\\/mfpp-origami.fr\\\/en\\\/refonte-de-loritheque-ete-2012-2\\\/\"},\"wordCount\":119,\"publisher\":{\"@id\":\"https:\\\/\\\/mfpp-origami.fr\\\/#organization\"},\"articleSection\":[\"Orith\u00e8que\"],\"inLanguage\":\"en-US\"},{\"@type\":\"WebPage\",\"@id\":\"https:\\\/\\\/mfpp-origami.fr\\\/en\\\/refonte-de-loritheque-ete-2012-2\\\/\",\"url\":\"https:\\\/\\\/mfpp-origami.fr\\\/en\\\/refonte-de-loritheque-ete-2012-2\\\/\",\"name\":\"Refonte de l'Orith\u00e8que, \u00e9t\u00e9 2012 &#8211; Mouvement Fran\u00e7ais des Plieurs de Papier\",\"isPartOf\":{\"@id\":\"https:\\\/\\\/mfpp-origami.fr\\\/en\\\/#website\"},\"datePublished\":\"2012-04-07T16:46:50+00:00\",\"breadcrumb\":{\"@id\":\"https:\\\/\\\/mfpp-origami.fr\\\/en\\\/refonte-de-loritheque-ete-2012-2\\\/#breadcrumb\"},\"inLanguage\":\"en-US\",\"potentialAction\":[{\"@type\":\"ReadAction\",\"target\":[[\"https:\\\/\\\/mfpp-origami.fr\\\/en\\\/refonte-de-loritheque-ete-2012-2\\\/\"]]}]},{\"@type\":\"BreadcrumbList\",\"@id\":\"https:\\\/\\\/mfpp-origami.fr\\\/en\\\/refonte-de-loritheque-ete-2012-2\\\/#breadcrumb\",\"itemListElement\":[{\"@type\":\"ListItem\",\"position\":1,\"name\":\"Accueil\",\"item\":\"https:\\\/\\\/mfpp-origami.fr\\\/en\\\/\"},{\"@type\":\"ListItem\",\"position\":2,\"name\":\"Refonte de l\u2019Orith\u00e8que, \u00e9t\u00e9&nbsp;2012\"}]},{\"@type\":\"WebSite\",\"@id\":\"https:\\\/\\\/mfpp-origami.fr\\\/en\\\/#website\",\"url\":\"https:\\\/\\\/mfpp-origami.fr\\\/en\\\/\",\"name\":\"Mouvement Fran\u00e7ais des Plieurs de Papier\",\"description\":\"French association for the promotion of origami\",\"publisher\":{\"@id\":\"https:\\\/\\\/mfpp-origami.fr\\\/en\\\/#organization\"},\"potentialAction\":[{\"@type\":\"SearchAction\",\"target\":{\"@type\":\"EntryPoint\",\"urlTemplate\":\"https:\\\/\\\/mfpp-origami.fr\\\/en\\\/?s={search_term_string}\"},\"query-input\":{\"@type\":\"PropertyValueSpecification\",\"valueRequired\":true,\"valueName\":\"search_term_string\"}}],\"inLanguage\":\"en-US\"},{\"@type\":\"Organization\",\"@id\":\"https:\\\/\\\/mfpp-origami.fr\\\/en\\\/#organization\",\"name\":\"Mouvement fran\u00e7ais des plieurs de papier\",\"url\":\"https:\\\/\\\/mfpp-origami.fr\\\/en\\\/\",\"logo\":{\"@type\":\"ImageObject\",\"inLanguage\":\"en-US\",\"@id\":\"https:\\\/\\\/mfpp-origami.fr\\\/en\\\/#\\\/schema\\\/logo\\\/image\\\/\",\"url\":\"https:\\\/\\\/mfpp-origami.fr\\\/media\\\/logo_web.png\",\"contentUrl\":\"https:\\\/\\\/mfpp-origami.fr\\\/media\\\/logo_web.png\",\"width\":499,\"height\":167,\"caption\":\"Mouvement fran\u00e7ais des plieurs de papier\"},\"image\":{\"@id\":\"https:\\\/\\\/mfpp-origami.fr\\\/en\\\/#\\\/schema\\\/logo\\\/image\\\/\"},\"sameAs\":[\"https:\\\/\\\/www.facebook.com\\\/mfpp.origami\",\"https:\\\/\\\/www.instagram.com\\\/origami_mfpp\\\/\",\"https:\\\/\\\/www.youtube.com\\\/channel\\\/UC72tuiSDql1EMf0oLmjvV4w\"]},{\"@type\":\"Person\",\"@id\":\"https:\\\/\\\/mfpp-origami.fr\\\/#\\\/schema\\\/person\\\/3bb2a0efd68ceb0925a20d74724d862e\",\"name\":\"Aur\u00e8le Duda\",\"image\":{\"@type\":\"ImageObject\",\"inLanguage\":\"en-US\",\"@id\":\"https:\\\/\\\/mfpp-origami.fr\\\/wp-content\\\/litespeed\\\/avatar\\\/7432e615cd3d3eb6f8583b4f98e05bf6.jpg?ver=1777213973\",\"url\":\"https:\\\/\\\/mfpp-origami.fr\\\/wp-content\\\/litespeed\\\/avatar\\\/7432e615cd3d3eb6f8583b4f98e05bf6.jpg?ver=1777213973\",\"contentUrl\":\"https:\\\/\\\/mfpp-origami.fr\\\/wp-content\\\/litespeed\\\/avatar\\\/7432e615cd3d3eb6f8583b4f98e05bf6.jpg?ver=1777213973\",\"caption\":\"Aur\u00e8le Duda\"},\"sameAs\":[\"https:\\\/\\\/aureleduda.com\"]}]}<\/script>\n<!-- \/ Yoast SEO plugin. -->","yoast_head_json":{"title":"Refonte de l'Orith\u00e8que, \u00e9t\u00e9 2012 &#8211; Mouvement Fran\u00e7ais des Plieurs de Papier","robots":{"index":"index","follow":"follow","max-snippet":"max-snippet:-1","max-image-preview":"max-image-preview:large","max-video-preview":"max-video-preview:-1"},"canonical":"https:\/\/mfpp-origami.fr\/en\/refonte-de-loritheque-ete-2012-2\/","og_locale":"en_US","og_type":"article","og_title":"Refonte de l'Orith\u00e8que, \u00e9t\u00e9 2012 &#8211; Mouvement Fran\u00e7ais des Plieurs de Papier","og_description":"Cher(\u00e8)s adh\u00e9rent(e)s du&nbsp;MFPP, Cet \u00e9t\u00e9, une refonte de l\u2019Orith\u00e8que est pr\u00e9vue.Pour qu\u2019elle se d\u00e9roule dans les meilleures conditions, nous vous prions de bien vouloir renvoyer les livres de l\u2019Orith\u00e8que que vous pourriez encore d\u00e9tenir avant le d\u00e9but du mois de&nbsp;juin.","og_url":"https:\/\/mfpp-origami.fr\/en\/refonte-de-loritheque-ete-2012-2\/","og_site_name":"Mouvement Fran\u00e7ais des Plieurs de Papier","article_publisher":"https:\/\/www.facebook.com\/mfpp.origami","article_published_time":"2012-04-07T16:46:50+00:00","og_image":[{"width":512,"height":512,"url":"https:\/\/mfpp-origami.fr\/media\/cropped-logo_mfpp_square512.png","type":"image\/png"}],"author":"Aur\u00e8le Duda","twitter_card":"summary_large_image","twitter_misc":{"Written by":"Aur\u00e8le Duda","Est. reading time":"1 minute"},"schema":{"@context":"https:\/\/schema.org","@graph":[{"@type":"Article","@id":"https:\/\/mfpp-origami.fr\/en\/refonte-de-loritheque-ete-2012-2\/#article","isPartOf":{"@id":"https:\/\/mfpp-origami.fr\/en\/refonte-de-loritheque-ete-2012-2\/"},"author":{"name":"Aur\u00e8le Duda","@id":"https:\/\/mfpp-origami.fr\/#\/schema\/person\/3bb2a0efd68ceb0925a20d74724d862e"},"headline":"Refonte de l\u2019Orith\u00e8que, \u00e9t\u00e9&nbsp;2012","datePublished":"2012-04-07T16:46:50+00:00","mainEntityOfPage":{"@id":"https:\/\/mfpp-origami.fr\/en\/refonte-de-loritheque-ete-2012-2\/"},"wordCount":119,"publisher":{"@id":"https:\/\/mfpp-origami.fr\/#organization"},"articleSection":["Orith\u00e8que"],"inLanguage":"en-US"},{"@type":"WebPage","@id":"https:\/\/mfpp-origami.fr\/en\/refonte-de-loritheque-ete-2012-2\/","url":"https:\/\/mfpp-origami.fr\/en\/refonte-de-loritheque-ete-2012-2\/","name":"Refonte de l'Orith\u00e8que, \u00e9t\u00e9 2012 &#8211; Mouvement Fran\u00e7ais des Plieurs de Papier","isPartOf":{"@id":"https:\/\/mfpp-origami.fr\/en\/#website"},"datePublished":"2012-04-07T16:46:50+00:00","breadcrumb":{"@id":"https:\/\/mfpp-origami.fr\/en\/refonte-de-loritheque-ete-2012-2\/#breadcrumb"},"inLanguage":"en-US","potentialAction":[{"@type":"ReadAction","target":[["https:\/\/mfpp-origami.fr\/en\/refonte-de-loritheque-ete-2012-2\/"]]}]},{"@type":"BreadcrumbList","@id":"https:\/\/mfpp-origami.fr\/en\/refonte-de-loritheque-ete-2012-2\/#breadcrumb","itemListElement":[{"@type":"ListItem","position":1,"name":"Accueil","item":"https:\/\/mfpp-origami.fr\/en\/"},{"@type":"ListItem","position":2,"name":"Refonte de l\u2019Orith\u00e8que, \u00e9t\u00e9&nbsp;2012"}]},{"@type":"WebSite","@id":"https:\/\/mfpp-origami.fr\/en\/#website","url":"https:\/\/mfpp-origami.fr\/en\/","name":"Mouvement Fran\u00e7ais des Plieurs de Papier","description":"French association for the promotion of origami","publisher":{"@id":"https:\/\/mfpp-origami.fr\/en\/#organization"},"potentialAction":[{"@type":"SearchAction","target":{"@type":"EntryPoint","urlTemplate":"https:\/\/mfpp-origami.fr\/en\/?s={search_term_string}"},"query-input":{"@type":"PropertyValueSpecification","valueRequired":true,"valueName":"search_term_string"}}],"inLanguage":"en-US"},{"@type":"Organization","@id":"https:\/\/mfpp-origami.fr\/en\/#organization","name":"Mouvement fran\u00e7ais des plieurs de papier","url":"https:\/\/mfpp-origami.fr\/en\/","logo":{"@type":"ImageObject","inLanguage":"en-US","@id":"https:\/\/mfpp-origami.fr\/en\/#\/schema\/logo\/image\/","url":"https:\/\/mfpp-origami.fr\/media\/logo_web.png","contentUrl":"https:\/\/mfpp-origami.fr\/media\/logo_web.png","width":499,"height":167,"caption":"Mouvement fran\u00e7ais des plieurs de papier"},"image":{"@id":"https:\/\/mfpp-origami.fr\/en\/#\/schema\/logo\/image\/"},"sameAs":["https:\/\/www.facebook.com\/mfpp.origami","https:\/\/www.instagram.com\/origami_mfpp\/","https:\/\/www.youtube.com\/channel\/UC72tuiSDql1EMf0oLmjvV4w"]},{"@type":"Person","@id":"https:\/\/mfpp-origami.fr\/#\/schema\/person\/3bb2a0efd68ceb0925a20d74724d862e","name":"Aur\u00e8le Duda","image":{"@type":"ImageObject","inLanguage":"en-US","@id":"https:\/\/mfpp-origami.fr\/wp-content\/litespeed\/avatar\/7432e615cd3d3eb6f8583b4f98e05bf6.jpg?ver=1777213973","url":"https:\/\/mfpp-origami.fr\/wp-content\/litespeed\/avatar\/7432e615cd3d3eb6f8583b4f98e05bf6.jpg?ver=1777213973","contentUrl":"https:\/\/mfpp-origami.fr\/wp-content\/litespeed\/avatar\/7432e615cd3d3eb6f8583b4f98e05bf6.jpg?ver=1777213973","caption":"Aur\u00e8le Duda"},"sameAs":["https:\/\/aureleduda.com"]}]}},"vimeo_video":null,"_links":{"self":[{"href":"https:\/\/mfpp-origami.fr\/en\/wp-json\/wp\/v2\/posts\/211","targetHints":{"allow":["GET"]}}],"collection":[{"href":"https:\/\/mfpp-origami.fr\/en\/wp-json\/wp\/v2\/posts"}],"about":[{"href":"https:\/\/mfpp-origami.fr\/en\/wp-json\/wp\/v2\/types\/post"}],"author":[{"embeddable":true,"href":"https:\/\/mfpp-origami.fr\/en\/wp-json\/wp\/v2\/users\/1"}],"replies":[{"embeddable":true,"href":"https:\/\/mfpp-origami.fr\/en\/wp-json\/wp\/v2\/comments?post=211"}],"version-history":[{"count":0,"href":"https:\/\/mfpp-origami.fr\/en\/wp-json\/wp\/v2\/posts\/211\/revisions"}],"wp:attachment":[{"href":"https:\/\/mfpp-origami.fr\/en\/wp-json\/wp\/v2\/media?parent=211"}],"wp:term":[{"taxonomy":"category","embeddable":true,"href":"https:\/\/mfpp-origami.fr\/en\/wp-json\/wp\/v2\/categories?post=211"},{"taxonomy":"post_tag","embeddable":true,"href":"https:\/\/mfpp-origami.fr\/en\/wp-json\/wp\/v2\/tags?post=211"}],"curies":[{"name":"wp","href":"https:\/\/api.w.org\/{rel}","templated":true}]}}