
{"id":16303,"date":"2025-12-05T17:54:26","date_gmt":"2025-12-05T16:54:26","guid":{"rendered":"https:\/\/mfpp-origami.fr\/?p=16303"},"modified":"2026-03-23T18:19:45","modified_gmt":"2026-03-23T17:19:45","slug":"rp2026","status":"publish","type":"post","link":"https:\/\/mfpp-origami.fr\/en\/rp2026\/","title":{"rendered":"Spring 2026 French Origami Convention"},"content":{"rendered":"<strong>The convention is full. Contact us if needed for more information or to be added to the waiting list.<\/strong> Les Rencontres de printemps du pliage de papier 2026 se d\u00e9rouleront du <strong>17 au 19 avril 2026 \u00e0&nbsp;Angers<\/strong> (49) dans le Tiers-lieu L\u2019Esvi\u00e8res, \u00e0&nbsp;10\u2032 \u00e0&nbsp;pied de la gare Saint-Laud. Nous recevrons comme invit\u00e9s <strong>Viviane Berty<\/strong> et <strong>Lee Armstrong<\/strong>.&nbsp;Que vous soyez cr\u00e9ateur ou simple plieur, ces rencontres sont l\u2019occasion d\u2019enseigner des pliages \u00e0&nbsp;d\u2019autres participants, de participer \u00e0&nbsp;des ateliers techniques, et surtout de rencontrer et \u00e9changer avec d\u2019autres plieurs dans une ambiance tr\u00e8s amicale. Nous serons heureux de vous retrouver lors de ce moment de partage autour de l\u2019origami&nbsp;! <div>Rendez-vous dans la <a href=\"https:\/\/mfpp-origami.fr\/boutique\/\">Boutique<\/a> pour vous inscrire&nbsp;!<\/div>\n<!--more-->\n\n<strong>Les Rencontres de pliage du MFPP, qu\u2019est-ce que c\u2019est&nbsp;?<\/strong> Trouvez des r\u00e9ponses sur la <a href=\"https:\/\/mfpp-origami.fr\/rencontres-de-pliage\/\">page de pr\u00e9sentation des Rencontres<\/a>. <h2>Les invit\u00e9s<\/h2> Nous aurons le plaisir de recevoir <strong>Viviane Berty <\/strong>(France) et <strong>Lee Armstrong<\/strong> (Royaume-Uni). <h3>Viviane Berty<\/h3>\n<blockquote>N\u00e9e en 1969 dans le sud de la France, je suis gauch\u00e8re. Passionn\u00e9e de musique et de litt\u00e9rature, je m\u2019int\u00e9ressais moins aux arts visuels jusqu\u2019en 1990, ann\u00e9e o\u00f9 j\u2019ai&nbsp;d\u00e9couvert l\u2019origami gr\u00e2ce \u00e0&nbsp;l\u2019astronome toulousain Jean-Pierre Brunet. Pendant vingt ans, je n\u2019ai pratiqu\u00e9 l\u2019origami qu\u2019occasionnellement, privil\u00e9giant les beaux&nbsp;mod\u00e8les purement g\u00e9om\u00e9triques de Kunihiko Kasahara, Rom\u00e1n D\u00edaz et Hideo Komatsu. J\u2019ai rencontr\u00e9 Giang Dinh en 2011 \u00e0&nbsp;Toulouse, puis Quy\u1ebft Ho\u00e0ng en 2013 \u00e0&nbsp;Dijon. Tous deux m\u2019ont transmis le go\u00fbt du <em>wet folding<\/em>. J\u2019ai commenc\u00e9 \u00e0&nbsp;cr\u00e9er mes propres mod\u00e8les en 2012, cherchant \u00e0&nbsp;repr\u00e9senter des \u00eatres vivants et des objets avec un minimum de plis, davantage par intuition que par observation.<\/blockquote>\n<div>ngg_shortcode_2_placeholder<\/div>\n<!-- \/wp:post-content -->\n<h3>Lee Armstrong<\/h3>\n<blockquote>\n<div>J\u2019ai commenc\u00e9 l\u2019origami quand mes enfants \u00e9taient petits car je n\u2019avais pas de temps pour d\u2019autres arts. Je ne pensais pas que cela deviendrait une part importante de ma vie. C\u2019\u00e9tait naturel pour moi d\u2019exp\u00e9rimenter et j\u2019ai commenc\u00e9 \u00e0&nbsp;cr\u00e9er mes propres mod\u00e8les, cr\u00e9ant des animaux simples, style qui m\u2019a attir\u00e9 en premier dans l\u2019origami. Vers 2014, j\u2019ai d\u00e9couvert les courbes les formes en trois dimensions avec le papier et cela est devenu une obsession. J\u2019aime explorer les techniques et essayer diff\u00e9rents moyens pour rendre un sujet. Je suis inspir\u00e9 par la nature, les gens et les \u00e9motions et par d\u00e9couvrir ce qu\u2019il est possible avec le papier pli\u00e9.<\/div>\n<div>Je suis influenc\u00e9 par de nombreux artistes et sculpteurs et essaie d\u2019imaginer des styles artistiques qui n\u2019ont jamais \u00e9t\u00e9 vus en origami.&nbsp;<\/div>\n<div>J\u2019ai \u00e9t\u00e9 honor\u00e9 de remport\u00e9 un \u00ab&nbsp;Joisel Award&nbsp;\u00bb en 2023 pour mon Buste cubiste. Ces derni\u00e8res ann\u00e9es, j\u2019ai commenc\u00e9 \u00e0&nbsp;cr\u00e9er des pliages modulaires, inspir\u00e9s par les forces de la nature, et apporter plus de formes g\u00e9om\u00e9triques \u00e0&nbsp;mes cr\u00e9ations figuratives.<\/div>\n<div>La communaut\u00e9 de l\u2019origami est aussi un grande inspiration pour moi et j\u2019ai h\u00e2te de rejoindre le MFPP et plier avec vous tous \u00e0&nbsp;Angers cette&nbsp;ann\u00e9e.<\/div><\/blockquote>\n<div>ngg_shortcode_3_placeholder<\/div>\n<h2>Exposition<\/h2> En compl\u00e9ment de l\u2019exposition libre de mod\u00e8les, nous vous vous proposons cette ann\u00e9e de rendre hommage \u00e0&nbsp;la gigantesque <a href=\"https:\/\/www.chateau-angers.fr\/decouvrir\/la-tapisserie-de-l-apocalypse-un-chef-d-aeuvre-unique-au-monde\">Tapisserie de l\u2019Apocalypse<\/a> conserv\u00e9e et pr\u00e9sent\u00e9e au Ch\u00e2teau d\u2019Angers. Retrouvez plus de d\u00e9tail dans<a href=\"https:\/\/mfpp-origami.fr\/appel-apocalypse-2026\/\"> l\u2019article d\u00e9di\u00e9<\/a>. <h2>Le lieu<\/h2> Le Tiers-lieu de l\u2019Esvi\u00e8res est tr\u00e8s accessible de la gare d\u2019Angers, avec un parking disponible.&nbsp;Les Rencontres se d\u00e9rouleront dans deux grandes salles, avec un acc\u00e8s au jardin. <h3>Les repas<\/h3> Le lieu nous propose des repas pour le midi et le soir \u00e0&nbsp;des prix tr\u00e8s attractifs. Attention, leur r\u00e9servation est indispensable <strong>avant le 15 mars 2026<\/strong>. La r\u00e9servation s\u2019effectue apr\u00e8s votre inscription, par mail. Le r\u00e9glement se fera avant les rencontres . <h3>L\u2019h\u00e9bergement<\/h3>\n<del>Nous avons r\u00e9serv\u00e9s les chambres disponibles sur place pour les participants. Elles sont n\u00e9anmoins en nombre limit\u00e9 (chambre doubles et simples, petit d\u00e9jeuner inclus). Si vous \u00eates int\u00e9ress\u00e9s, contactez-nous par mail&nbsp;! <\/del><span style=\"color: #ff0000;\">Les chambres disponibles sur site sont toutes r\u00e9serv\u00e9es.<\/span> Angers propose une offre h\u00f4teli\u00e8re assez importante qui vous permettra de trouver la chambre qui vous convient. Pensez \u00e0&nbsp;r\u00e9server assez vite, nous sommes sur un week-end de vacances pour toutes les zones en France. <h3>Comment s\u2019inscrire&nbsp;?<\/h3> Rendez-vous dans la boutique et s\u00e9lectionnez le forfait 1, 2, 3&nbsp;jours, en indiquant les jours choisis. Si vous n\u2019\u00eates pas encore adh\u00e9rent de l\u2019association, l\u2019inscription aux Rencontres incluera la cotisation num\u00e9rique pour l\u2019ann\u00e9e 2026. Vous pouvez aussi choisir la cotisation papier (ou vous pourrez la mettre \u00e0&nbsp;jour plus tard). Si vous \u00eates d\u00e9j\u00e0 adh\u00e9rent, identifiez-vous sur le site avant commande. Le r\u00e9glement des rencontres s\u2019effectue par Paypal, virement ou ch\u00e8que au moment de l\u2019inscription. Nous refacturons les h\u00e9bergements et repas \u00e0&nbsp;prix co\u00fbtant, aussi, en cas de r\u00e9glement par paypal, des frais compl\u00e9mentaires pourront \u00eatre ajout\u00e9s. Vous rencontrez des probl\u00e8mes pour vous inscrire&nbsp;? Envoyez-nous un email&nbsp;! <h3>Combien \u00e7a&nbsp;co\u00fbte&nbsp;?<\/h3> Les prix affich\u00e9s sur la boutique incluent l\u2019adh\u00e9sion num\u00e9rique \u00e0&nbsp;l\u2019association pour les nouveaux adh\u00e9rents (35\u20ac adh\u00e9sion num\u00e9rique).&nbsp;<table id=\"tablepress-38-no-2\" class=\"tablepress tablepress-id-38\">\n<thead>\n<tr class=\"row-1\">\n\t<th class=\"column-1\">Package<\/th><th class=\"column-2\">member rate<\/th><th class=\"column-3\">New member rate (with membership 2026)<\/th>\n<\/tr>\n<\/thead>\n<tbody class=\"row-striping row-hover\">\n<tr class=\"row-2\">\n\t<td class=\"column-1\">1&nbsp;day<\/td><td class=\"column-2\">65&nbsp;\u20ac<\/td><td class=\"column-3\">100&nbsp;\u20ac<\/td>\n<\/tr>\n<tr class=\"row-3\">\n\t<td class=\"column-1\">2&nbsp;days<\/td><td class=\"column-2\">85&nbsp;\u20ac<\/td><td class=\"column-3\">120&nbsp;\u20ac<\/td>\n<\/tr>\n<tr class=\"row-4\">\n\t<td class=\"column-1\">3&nbsp;days<\/td><td class=\"column-2\">95&nbsp;\u20ac<\/td><td class=\"column-3\">130&nbsp;\u20ac<\/td>\n<\/tr>\n<tr class=\"row-5\">\n\t<td class=\"column-1\">lunch<\/td><td class=\"column-2\">13&nbsp;\u20ac<\/td><td class=\"column-3\">13&nbsp;\u20ac<\/td>\n<\/tr>\n<tr class=\"row-6\">\n\t<td class=\"column-1\">Dinner<\/td><td class=\"column-2\">10,50&nbsp;\u20ac<\/td><td class=\"column-3\">10,50&nbsp;\u20ac<\/td>\n<\/tr>\n<tr class=\"row-7\">\n\t<td class=\"column-1\">(FULL) 1\u2011bed room + breakfast<\/td><td class=\"column-2\">30,50&nbsp;\u20ac<\/td><td class=\"column-3\">30,50&nbsp;\u20ac<\/td>\n<\/tr>\n<tr class=\"row-8\">\n\t<td class=\"column-1\">(FULL) 1p bed in two-bed room + breakfast<\/td><td class=\"column-2\">20,50&nbsp;\u20ac<\/td><td class=\"column-3\">20,50&nbsp;\u20ac<\/td>\n<\/tr>\n<\/tbody>\n<\/table>\n\n<h3>Que comprennent les forfaits&nbsp;?<\/h3> Les forfaits incluent l\u2019acc\u00e8s au lieu des rencontres et la participation aux ateliers propos\u00e9s (avec mat\u00e9riel fourni et en fonction de jauges), un kit d\u2019accueil du participant comprenant du papier, des documents et le livret <em>Collection de plis 2026. <\/em>Ils offrent la possiblit\u00e9 d\u2019enseigner ou d\u2019exposer son travail durant les rencontres. Ils n\u2019incluent ni les repas, ni le logement ou les transports et des activit\u00e9s annexes qui pourraient \u00eatre propos\u00e9es en compl\u00e9ment. <h3>Conditions d\u2019annulation<\/h3> Si vous devez annuler votre venue avant le 16 mars, l\u2019association vous remboursera votre forfait moins la cotisation \u00e0&nbsp;l\u2019association et les frais associ\u00e9s au paiement (si vous avez r\u00e9gl\u00e9 par Paypal). \u00e0&nbsp;partir du 30 mars, le remboursement sera de 50% (hors cotisation et frais). Vous recevrez le livret des rencontres par voie postale. Apr\u00e8s 15 jours, le montant restera acquis \u00e0&nbsp;l\u2019association et vous recevrez le livret des rencontres par voie postale. Pour le logement et les repas, ils seront rembours\u00e9s pour les annulations avant le 30 mars. <h3>Venir accompagn\u00e9&nbsp;?<\/h3> Si vous \u00eates mineur de moins de 16 ans, vous devez venir accompagn\u00e9 d\u2019un adulte r\u00e9f\u00e9rent. Si la personne participe aux ateliers, elle devra acheter un forfait comme pour vous (sans adh\u00e9sion), sinon un pass-accompagnateur suffit (gratuit). Si vous \u00eates en situation de handicap avec la n\u00e9cessit\u00e9 d\u2019un accompagnateur, celui-ci n\u2019a besoin que d\u2019un pass-accompagnateur (gratuit). <h3>Comment enseigner&nbsp;?<\/h3> Si vous vous inscrivez comme enseignant, nous vous contacterons pour les d\u00e9tails. Vous n\u2019avez jamais enseign\u00e9 \u00e0&nbsp;un groupe de plieurs lors de rencontres&nbsp;? C\u2019est l\u2019occasion de vous lancer devant un groupe bienveillant&nbsp;! Nous pouvons vous donner des conseils et vous aider \u00e0&nbsp;pr\u00e9parer votre s\u00e9quence et vous aider sur place en cas de besoin. <h3>Comment exposer&nbsp;?<\/h3> Que vous soyez cr\u00e9ateur ou non, exposer ses pliages lors des rencontres est vivement recommand\u00e9&nbsp;! C\u2019est l\u2019occasion d\u2019\u00e9changer des conseils, des id\u00e9es avec d\u2019autres plieurs et de montrer votre savoir-faire. Un espace sur table vous sera r\u00e9serv\u00e9 si vous vous \u00eates inscrit comme exposant. Pour toute demande sp\u00e9ciale (accrochage mural, place suppl\u00e9mentaire\u2026), prenez contact avec nous pour que nous trouvions la solution la plus adapt\u00e9e. Que vous soyez cr\u00e9ateur ou non, il est important de r\u00e9f\u00e9rencer les pliages expos\u00e9s avec le nom du plieur et le nom du cr\u00e9ateur. Vous pourrez pr\u00e9parer vos \u00e9tiquettes an amont pour pr\u00e9ciser toutes les r\u00e9f\u00e9rences des pliages pr\u00e9sent\u00e9s (plieur, auteur etc.), ou trouver des papiers sur place pour les r\u00e9aliser. Il ne s\u2019agit pas d\u2019une exposition-vente. <h3>Quel est le programme&nbsp;?<\/h3> Le programme se construit en fonction des participants. Aussi, un planning \u00e9volutif sera pr\u00e9sent\u00e9 quinze jours avant les rencontres. Mais soyez assur\u00e9, il y&nbsp;aura tous les jours des ateliers et des rencontres int\u00e9ressantes pour vos centres d\u2019int\u00e9r\u00eat et votre niveau&nbsp;! <h3>J\u2019ai une autre question&nbsp;!<\/h3> Envoyez-nous un email \u00e0&nbsp;<a href=\"mailto:contact@mfpp-origami.fr\">contact@mfpp-origami.fr<\/a>, nous vous r\u00e9pondrons et ajouterons \u00e9ventuellement ces pr\u00e9cisions \u00e0&nbsp;cette page&nbsp;!<!-- \/wp:freeform -->","protected":false},"excerpt":{"rendered":"<p>%Les rencontres sont compl\u00e8tes. Contactez-nous au besoin pour plus d\u2019informations ou liste d\u2019attente. Les Rencontres de printemps du pliage de papier 2026 se d\u00e9rouleront du 17 au 19 avril 2026 \u00e0&nbsp;Angers (49) dans le Tiers-lieu L\u2019Esvi\u00e8res, \u00e0&nbsp;10\u2032 \u00e0&nbsp;pied de la \u2026 <a href=\"https:\/\/mfpp-origami.fr\/en\/rp2026\/\">Continued<\/a><\/p>\n","protected":false},"author":1,"featured_media":16449,"comment_status":"open","ping_status":"open","sticky":false,"template":"","format":"standard","meta":{"_acf_changed":false,"wp_typography_post_enhancements_disabled":false,"ngg_post_thumbnail":0,"__cvm_playback_settings":[],"__cvm_video_id":"","footnotes":""},"categories":[9,12,1],"tags":[],"class_list":["post-16303","post","type-post","status-publish","format-standard","has-post-thumbnail","hentry","category-actualites","category-conventions","category-non-classe","wcpa_has_options"],"acf":[],"yoast_head":"<!-- This site is optimized with the Yoast SEO plugin v27.4 - https:\/\/yoast.com\/product\/yoast-seo-wordpress\/ -->\n<title>Spring 2026 French Origami Convention &#8211; Mouvement Fran\u00e7ais des Plieurs de Papier<\/title>\n<meta name=\"robots\" content=\"index, follow, max-snippet:-1, max-image-preview:large, max-video-preview:-1\" \/>\n<link rel=\"canonical\" href=\"https:\/\/mfpp-origami.fr\/en\/rp2026\/\" \/>\n<meta property=\"og:locale\" content=\"en_US\" \/>\n<meta property=\"og:type\" content=\"article\" \/>\n<meta property=\"og:title\" content=\"Spring 2026 French Origami Convention &#8211; Mouvement Fran\u00e7ais des Plieurs de Papier\" \/>\n<meta property=\"og:description\" content=\"%Les rencontres sont compl\u00e8tes. Contactez-nous au besoin pour plus d\u2019informations ou liste d\u2019attente. Les Rencontres de printemps du pliage de papier 2026 se d\u00e9rouleront du 17 au 19 avril 2026 \u00e0&nbsp;Angers (49) dans le Tiers-lieu L\u2019Esvi\u00e8res, \u00e0&nbsp;10\u2032 \u00e0&nbsp;pied de la &hellip; Continued\" \/>\n<meta property=\"og:url\" content=\"https:\/\/mfpp-origami.fr\/en\/rp2026\/\" \/>\n<meta property=\"og:site_name\" content=\"Mouvement Fran\u00e7ais des Plieurs de Papier\" \/>\n<meta property=\"article:publisher\" content=\"https:\/\/www.facebook.com\/mfpp.origami\" \/>\n<meta property=\"article:published_time\" content=\"2025-12-05T16:54:26+00:00\" \/>\n<meta property=\"article:modified_time\" content=\"2026-03-23T17:19:45+00:00\" \/>\n<meta property=\"og:image\" content=\"https:\/\/mfpp-origami.fr\/media\/Affichettereseaux_1.png\" \/>\n\t<meta property=\"og:image:width\" content=\"1080\" \/>\n\t<meta property=\"og:image:height\" content=\"1080\" \/>\n\t<meta property=\"og:image:type\" content=\"image\/png\" \/>\n<meta name=\"author\" content=\"Aur\u00e8le Duda\" \/>\n<meta name=\"twitter:card\" content=\"summary_large_image\" \/>\n<meta name=\"twitter:label1\" content=\"Written by\" \/>\n\t<meta name=\"twitter:data1\" content=\"Aur\u00e8le Duda\" \/>\n\t<meta name=\"twitter:label2\" content=\"Est. reading time\" \/>\n\t<meta name=\"twitter:data2\" content=\"7 minutes\" \/>\n<script type=\"application\/ld+json\" class=\"yoast-schema-graph\">{\"@context\":\"https:\\\/\\\/schema.org\",\"@graph\":[{\"@type\":\"Article\",\"@id\":\"https:\\\/\\\/mfpp-origami.fr\\\/rp2026\\\/#article\",\"isPartOf\":{\"@id\":\"https:\\\/\\\/mfpp-origami.fr\\\/rp2026\\\/\"},\"author\":{\"name\":\"Aur\u00e8le Duda\",\"@id\":\"https:\\\/\\\/mfpp-origami.fr\\\/#\\\/schema\\\/person\\\/3bb2a0efd68ceb0925a20d74724d862e\"},\"headline\":\"Spring 2026 French Origami Convention\",\"datePublished\":\"2025-12-05T16:54:26+00:00\",\"dateModified\":\"2026-03-23T17:19:45+00:00\",\"mainEntityOfPage\":{\"@id\":\"https:\\\/\\\/mfpp-origami.fr\\\/rp2026\\\/\"},\"wordCount\":2928,\"commentCount\":0,\"publisher\":{\"@id\":\"https:\\\/\\\/mfpp-origami.fr\\\/#organization\"},\"image\":{\"@id\":\"https:\\\/\\\/mfpp-origami.fr\\\/rp2026\\\/#primaryimage\"},\"thumbnailUrl\":\"https:\\\/\\\/mfpp-origami.fr\\\/media\\\/Affichettereseaux_1.png\",\"articleSection\":[\"Latest News\",\"Conventions\",\"Non class\u00e9\"],\"inLanguage\":\"en-US\",\"potentialAction\":[{\"@type\":\"CommentAction\",\"name\":\"Comment\",\"target\":[\"https:\\\/\\\/mfpp-origami.fr\\\/rp2026\\\/#respond\"]}]},{\"@type\":\"WebPage\",\"@id\":\"https:\\\/\\\/mfpp-origami.fr\\\/en\\\/rp2026\\\/\",\"url\":\"https:\\\/\\\/mfpp-origami.fr\\\/en\\\/rp2026\\\/\",\"name\":\"Spring 2026 French Origami Convention &#8211; Mouvement Fran\u00e7ais des Plieurs de Papier\",\"isPartOf\":{\"@id\":\"https:\\\/\\\/mfpp-origami.fr\\\/en\\\/#website\"},\"primaryImageOfPage\":{\"@id\":\"https:\\\/\\\/mfpp-origami.fr\\\/en\\\/rp2026\\\/#primaryimage\"},\"image\":{\"@id\":\"https:\\\/\\\/mfpp-origami.fr\\\/rp2026\\\/#primaryimage\"},\"thumbnailUrl\":\"https:\\\/\\\/mfpp-origami.fr\\\/media\\\/Affichettereseaux_1.png\",\"datePublished\":\"2025-12-05T16:54:26+00:00\",\"dateModified\":\"2026-03-23T17:19:45+00:00\",\"breadcrumb\":{\"@id\":\"https:\\\/\\\/mfpp-origami.fr\\\/en\\\/rp2026\\\/#breadcrumb\"},\"inLanguage\":\"en-US\",\"potentialAction\":[{\"@type\":\"ReadAction\",\"target\":[[\"https:\\\/\\\/mfpp-origami.fr\\\/en\\\/rp2026\\\/\"]]}]},{\"@type\":\"ImageObject\",\"inLanguage\":\"en-US\",\"@id\":\"https:\\\/\\\/mfpp-origami.fr\\\/en\\\/rp2026\\\/#primaryimage\",\"url\":\"https:\\\/\\\/mfpp-origami.fr\\\/media\\\/Affichettereseaux_1.png\",\"contentUrl\":\"https:\\\/\\\/mfpp-origami.fr\\\/media\\\/Affichettereseaux_1.png\",\"width\":1080,\"height\":1080},{\"@type\":\"BreadcrumbList\",\"@id\":\"https:\\\/\\\/mfpp-origami.fr\\\/en\\\/rp2026\\\/#breadcrumb\",\"itemListElement\":[{\"@type\":\"ListItem\",\"position\":1,\"name\":\"Accueil\",\"item\":\"https:\\\/\\\/mfpp-origami.fr\\\/en\\\/\"},{\"@type\":\"ListItem\",\"position\":2,\"name\":\"Rencontres de printemps 2026\"}]},{\"@type\":\"WebSite\",\"@id\":\"https:\\\/\\\/mfpp-origami.fr\\\/en\\\/#website\",\"url\":\"https:\\\/\\\/mfpp-origami.fr\\\/en\\\/\",\"name\":\"Mouvement Fran\u00e7ais des Plieurs de Papier\",\"description\":\"French association for the promotion of origami\",\"publisher\":{\"@id\":\"https:\\\/\\\/mfpp-origami.fr\\\/en\\\/#organization\"},\"potentialAction\":[{\"@type\":\"SearchAction\",\"target\":{\"@type\":\"EntryPoint\",\"urlTemplate\":\"https:\\\/\\\/mfpp-origami.fr\\\/en\\\/?s={search_term_string}\"},\"query-input\":{\"@type\":\"PropertyValueSpecification\",\"valueRequired\":true,\"valueName\":\"search_term_string\"}}],\"inLanguage\":\"en-US\"},{\"@type\":\"Organization\",\"@id\":\"https:\\\/\\\/mfpp-origami.fr\\\/en\\\/#organization\",\"name\":\"Mouvement fran\u00e7ais des plieurs de papier\",\"url\":\"https:\\\/\\\/mfpp-origami.fr\\\/en\\\/\",\"logo\":{\"@type\":\"ImageObject\",\"inLanguage\":\"en-US\",\"@id\":\"https:\\\/\\\/mfpp-origami.fr\\\/en\\\/#\\\/schema\\\/logo\\\/image\\\/\",\"url\":\"https:\\\/\\\/mfpp-origami.fr\\\/media\\\/logo_web.png\",\"contentUrl\":\"https:\\\/\\\/mfpp-origami.fr\\\/media\\\/logo_web.png\",\"width\":499,\"height\":167,\"caption\":\"Mouvement fran\u00e7ais des plieurs de papier\"},\"image\":{\"@id\":\"https:\\\/\\\/mfpp-origami.fr\\\/en\\\/#\\\/schema\\\/logo\\\/image\\\/\"},\"sameAs\":[\"https:\\\/\\\/www.facebook.com\\\/mfpp.origami\",\"https:\\\/\\\/www.instagram.com\\\/origami_mfpp\\\/\",\"https:\\\/\\\/www.youtube.com\\\/channel\\\/UC72tuiSDql1EMf0oLmjvV4w\"]},{\"@type\":\"Person\",\"@id\":\"https:\\\/\\\/mfpp-origami.fr\\\/#\\\/schema\\\/person\\\/3bb2a0efd68ceb0925a20d74724d862e\",\"name\":\"Aur\u00e8le Duda\",\"image\":{\"@type\":\"ImageObject\",\"inLanguage\":\"en-US\",\"@id\":\"https:\\\/\\\/mfpp-origami.fr\\\/wp-content\\\/litespeed\\\/avatar\\\/7432e615cd3d3eb6f8583b4f98e05bf6.jpg?ver=1777213973\",\"url\":\"https:\\\/\\\/mfpp-origami.fr\\\/wp-content\\\/litespeed\\\/avatar\\\/7432e615cd3d3eb6f8583b4f98e05bf6.jpg?ver=1777213973\",\"contentUrl\":\"https:\\\/\\\/mfpp-origami.fr\\\/wp-content\\\/litespeed\\\/avatar\\\/7432e615cd3d3eb6f8583b4f98e05bf6.jpg?ver=1777213973\",\"caption\":\"Aur\u00e8le Duda\"},\"sameAs\":[\"https:\\\/\\\/aureleduda.com\"]}]}<\/script>\n<!-- \/ Yoast SEO plugin. -->","yoast_head_json":{"title":"Spring 2026 French Origami Convention &#8211; Mouvement Fran\u00e7ais des Plieurs de Papier","robots":{"index":"index","follow":"follow","max-snippet":"max-snippet:-1","max-image-preview":"max-image-preview:large","max-video-preview":"max-video-preview:-1"},"canonical":"https:\/\/mfpp-origami.fr\/en\/rp2026\/","og_locale":"en_US","og_type":"article","og_title":"Spring 2026 French Origami Convention &#8211; Mouvement Fran\u00e7ais des Plieurs de Papier","og_description":"%Les rencontres sont compl\u00e8tes. Contactez-nous au besoin pour plus d\u2019informations ou liste d\u2019attente. Les Rencontres de printemps du pliage de papier 2026 se d\u00e9rouleront du 17 au 19 avril 2026 \u00e0&nbsp;Angers (49) dans le Tiers-lieu L\u2019Esvi\u00e8res, \u00e0&nbsp;10\u2032 \u00e0&nbsp;pied de la &hellip; Continued","og_url":"https:\/\/mfpp-origami.fr\/en\/rp2026\/","og_site_name":"Mouvement Fran\u00e7ais des Plieurs de Papier","article_publisher":"https:\/\/www.facebook.com\/mfpp.origami","article_published_time":"2025-12-05T16:54:26+00:00","article_modified_time":"2026-03-23T17:19:45+00:00","og_image":[{"width":1080,"height":1080,"url":"https:\/\/mfpp-origami.fr\/media\/Affichettereseaux_1.png","type":"image\/png"}],"author":"Aur\u00e8le Duda","twitter_card":"summary_large_image","twitter_misc":{"Written by":"Aur\u00e8le Duda","Est. reading time":"7 minutes"},"schema":{"@context":"https:\/\/schema.org","@graph":[{"@type":"Article","@id":"https:\/\/mfpp-origami.fr\/rp2026\/#article","isPartOf":{"@id":"https:\/\/mfpp-origami.fr\/rp2026\/"},"author":{"name":"Aur\u00e8le Duda","@id":"https:\/\/mfpp-origami.fr\/#\/schema\/person\/3bb2a0efd68ceb0925a20d74724d862e"},"headline":"Spring 2026 French Origami Convention","datePublished":"2025-12-05T16:54:26+00:00","dateModified":"2026-03-23T17:19:45+00:00","mainEntityOfPage":{"@id":"https:\/\/mfpp-origami.fr\/rp2026\/"},"wordCount":2928,"commentCount":0,"publisher":{"@id":"https:\/\/mfpp-origami.fr\/#organization"},"image":{"@id":"https:\/\/mfpp-origami.fr\/rp2026\/#primaryimage"},"thumbnailUrl":"https:\/\/mfpp-origami.fr\/media\/Affichettereseaux_1.png","articleSection":["Latest News","Conventions","Non class\u00e9"],"inLanguage":"en-US","potentialAction":[{"@type":"CommentAction","name":"Comment","target":["https:\/\/mfpp-origami.fr\/rp2026\/#respond"]}]},{"@type":"WebPage","@id":"https:\/\/mfpp-origami.fr\/en\/rp2026\/","url":"https:\/\/mfpp-origami.fr\/en\/rp2026\/","name":"Spring 2026 French Origami Convention &#8211; Mouvement Fran\u00e7ais des Plieurs de Papier","isPartOf":{"@id":"https:\/\/mfpp-origami.fr\/en\/#website"},"primaryImageOfPage":{"@id":"https:\/\/mfpp-origami.fr\/en\/rp2026\/#primaryimage"},"image":{"@id":"https:\/\/mfpp-origami.fr\/rp2026\/#primaryimage"},"thumbnailUrl":"https:\/\/mfpp-origami.fr\/media\/Affichettereseaux_1.png","datePublished":"2025-12-05T16:54:26+00:00","dateModified":"2026-03-23T17:19:45+00:00","breadcrumb":{"@id":"https:\/\/mfpp-origami.fr\/en\/rp2026\/#breadcrumb"},"inLanguage":"en-US","potentialAction":[{"@type":"ReadAction","target":[["https:\/\/mfpp-origami.fr\/en\/rp2026\/"]]}]},{"@type":"ImageObject","inLanguage":"en-US","@id":"https:\/\/mfpp-origami.fr\/en\/rp2026\/#primaryimage","url":"https:\/\/mfpp-origami.fr\/media\/Affichettereseaux_1.png","contentUrl":"https:\/\/mfpp-origami.fr\/media\/Affichettereseaux_1.png","width":1080,"height":1080},{"@type":"BreadcrumbList","@id":"https:\/\/mfpp-origami.fr\/en\/rp2026\/#breadcrumb","itemListElement":[{"@type":"ListItem","position":1,"name":"Accueil","item":"https:\/\/mfpp-origami.fr\/en\/"},{"@type":"ListItem","position":2,"name":"Rencontres de printemps 2026"}]},{"@type":"WebSite","@id":"https:\/\/mfpp-origami.fr\/en\/#website","url":"https:\/\/mfpp-origami.fr\/en\/","name":"Mouvement Fran\u00e7ais des Plieurs de Papier","description":"French association for the promotion of origami","publisher":{"@id":"https:\/\/mfpp-origami.fr\/en\/#organization"},"potentialAction":[{"@type":"SearchAction","target":{"@type":"EntryPoint","urlTemplate":"https:\/\/mfpp-origami.fr\/en\/?s={search_term_string}"},"query-input":{"@type":"PropertyValueSpecification","valueRequired":true,"valueName":"search_term_string"}}],"inLanguage":"en-US"},{"@type":"Organization","@id":"https:\/\/mfpp-origami.fr\/en\/#organization","name":"Mouvement fran\u00e7ais des plieurs de papier","url":"https:\/\/mfpp-origami.fr\/en\/","logo":{"@type":"ImageObject","inLanguage":"en-US","@id":"https:\/\/mfpp-origami.fr\/en\/#\/schema\/logo\/image\/","url":"https:\/\/mfpp-origami.fr\/media\/logo_web.png","contentUrl":"https:\/\/mfpp-origami.fr\/media\/logo_web.png","width":499,"height":167,"caption":"Mouvement fran\u00e7ais des plieurs de papier"},"image":{"@id":"https:\/\/mfpp-origami.fr\/en\/#\/schema\/logo\/image\/"},"sameAs":["https:\/\/www.facebook.com\/mfpp.origami","https:\/\/www.instagram.com\/origami_mfpp\/","https:\/\/www.youtube.com\/channel\/UC72tuiSDql1EMf0oLmjvV4w"]},{"@type":"Person","@id":"https:\/\/mfpp-origami.fr\/#\/schema\/person\/3bb2a0efd68ceb0925a20d74724d862e","name":"Aur\u00e8le Duda","image":{"@type":"ImageObject","inLanguage":"en-US","@id":"https:\/\/mfpp-origami.fr\/wp-content\/litespeed\/avatar\/7432e615cd3d3eb6f8583b4f98e05bf6.jpg?ver=1777213973","url":"https:\/\/mfpp-origami.fr\/wp-content\/litespeed\/avatar\/7432e615cd3d3eb6f8583b4f98e05bf6.jpg?ver=1777213973","contentUrl":"https:\/\/mfpp-origami.fr\/wp-content\/litespeed\/avatar\/7432e615cd3d3eb6f8583b4f98e05bf6.jpg?ver=1777213973","caption":"Aur\u00e8le Duda"},"sameAs":["https:\/\/aureleduda.com"]}]}},"vimeo_video":null,"_links":{"self":[{"href":"https:\/\/mfpp-origami.fr\/en\/wp-json\/wp\/v2\/posts\/16303","targetHints":{"allow":["GET"]}}],"collection":[{"href":"https:\/\/mfpp-origami.fr\/en\/wp-json\/wp\/v2\/posts"}],"about":[{"href":"https:\/\/mfpp-origami.fr\/en\/wp-json\/wp\/v2\/types\/post"}],"author":[{"embeddable":true,"href":"https:\/\/mfpp-origami.fr\/en\/wp-json\/wp\/v2\/users\/1"}],"replies":[{"embeddable":true,"href":"https:\/\/mfpp-origami.fr\/en\/wp-json\/wp\/v2\/comments?post=16303"}],"version-history":[{"count":24,"href":"https:\/\/mfpp-origami.fr\/en\/wp-json\/wp\/v2\/posts\/16303\/revisions"}],"predecessor-version":[{"id":16767,"href":"https:\/\/mfpp-origami.fr\/en\/wp-json\/wp\/v2\/posts\/16303\/revisions\/16767"}],"wp:featuredmedia":[{"embeddable":true,"href":"https:\/\/mfpp-origami.fr\/en\/wp-json\/wp\/v2\/media\/16449"}],"wp:attachment":[{"href":"https:\/\/mfpp-origami.fr\/en\/wp-json\/wp\/v2\/media?parent=16303"}],"wp:term":[{"taxonomy":"category","embeddable":true,"href":"https:\/\/mfpp-origami.fr\/en\/wp-json\/wp\/v2\/categories?post=16303"},{"taxonomy":"post_tag","embeddable":true,"href":"https:\/\/mfpp-origami.fr\/en\/wp-json\/wp\/v2\/tags?post=16303"}],"curies":[{"name":"wp","href":"https:\/\/api.w.org\/{rel}","templated":true}]}}