
{"id":14909,"date":"2025-04-22T15:25:05","date_gmt":"2025-04-22T13:25:05","guid":{"rendered":"https:\/\/mfpp-origami.fr\/?p=14909"},"modified":"2025-04-22T15:25:05","modified_gmt":"2025-04-22T13:25:05","slug":"a-travers-les-plis-exposition-a-baccarat","status":"publish","type":"post","link":"https:\/\/mfpp-origami.fr\/en\/a-travers-les-plis-exposition-a-baccarat\/","title":{"rendered":"\u00c0 travers les plis, exposition \u00e0&nbsp;Baccarat"},"content":{"rendered":"<p class=\"qtranxs-available-languages-message qtranxs-available-languages-message-en\">%<\/p><p>L\u2019association s\u2019associe \u00e0&nbsp;la <a href=\"https:\/\/www.ville-baccarat.com\/\">ville de Baccarat <\/a>pour faire d\u00e9couvrir l\u2019origami dans ses formes les plus diverses \u00e0&nbsp;l\u2019h\u00f4tel de ville de Baccarat, du 22 avril au 27 juin 2025, aux <a href=\"https:\/\/www.ville-baccarat.com\/vie-municipale\/horaires\/\">horaires d\u2019ouverture de la mairie<\/a>.<\/p>\n<p>Une exposition riche d\u2019une centaine de pi\u00e8ces.<\/p>\n<blockquote><p>Technique d\u00e9licate transformant la feuille de papier par le pliage, l\u2019origami conna\u00eet un essor depuis la seconde moiti\u00e9 du XX<sup class=\"ordinal\">e<\/sup> si\u00e8cle.<\/p>\n<p>D\u2019objets utilitaires en expressions purement esth\u00e9tiques, les cr\u00e9ations des plieurs de papier foisonnent d\u2019id\u00e9es et de recherches techniques. Leurs pliages jouent avec la transparence et la souplesse du papier pour proposer des objets \u00e9tranges, g\u00e9om\u00e9triques et myst\u00e9rieux.&nbsp;<\/p>\n<p>\u00c0 partir d\u2019une s\u00e9lection d\u2019\u0153uvres originales, de pliages r\u00e9alis\u00e9s par les membres de l\u2019association, d\u2019archives et de collections particuli\u00e8res, le Mouvement Fran\u00e7ais des Plieurs de Papier propose un voyage, <i>au travers des plis<\/i>, \u00e0&nbsp;la d\u00e9couverte du monde original et touchant de l\u2019origami.<\/p><\/blockquote>\n<p><\/p>","protected":false},"excerpt":{"rendered":"<p>%L\u2019association s\u2019associe \u00e0&nbsp;la ville de Baccarat pour faire d\u00e9couvrir l\u2019origami dans ses formes les plus diverses \u00e0&nbsp;l\u2019h\u00f4tel de ville de Baccarat, du 22 avril au 27 juin 2025, aux horaires d\u2019ouverture de la mairie. Une exposition riche d\u2019une centaine de \u2026 <a href=\"https:\/\/mfpp-origami.fr\/en\/a-travers-les-plis-exposition-a-baccarat\/\">Continued<\/a><\/p>\n","protected":false},"author":1,"featured_media":14910,"comment_status":"closed","ping_status":"closed","sticky":false,"template":"","format":"standard","meta":{"_acf_changed":false,"wp_typography_post_enhancements_disabled":false,"ngg_post_thumbnail":0,"__cvm_playback_settings":[],"__cvm_video_id":"","footnotes":""},"categories":[9],"tags":[],"class_list":["post-14909","post","type-post","status-publish","format-standard","has-post-thumbnail","hentry","category-actualites"],"acf":[],"yoast_head":"<!-- This site is optimized with the Yoast SEO plugin v27.4 - https:\/\/yoast.com\/product\/yoast-seo-wordpress\/ -->\n<title>\u00c0 travers les plis, exposition \u00e0 Baccarat &#8211; Mouvement Fran\u00e7ais des Plieurs de Papier<\/title>\n<meta name=\"robots\" content=\"index, follow, max-snippet:-1, max-image-preview:large, max-video-preview:-1\" \/>\n<link rel=\"canonical\" href=\"https:\/\/mfpp-origami.fr\/en\/a-travers-les-plis-exposition-a-baccarat\/\" \/>\n<meta property=\"og:locale\" content=\"en_US\" \/>\n<meta property=\"og:type\" content=\"article\" \/>\n<meta property=\"og:title\" content=\"\u00c0 travers les plis, exposition \u00e0 Baccarat &#8211; Mouvement Fran\u00e7ais des Plieurs de Papier\" \/>\n<meta property=\"og:description\" content=\"%L\u2019association s\u2019associe \u00e0&nbsp;la ville de Baccarat pour faire d\u00e9couvrir l\u2019origami dans ses formes les plus diverses \u00e0&nbsp;l\u2019h\u00f4tel de ville de Baccarat, du 22 avril au 27 juin 2025, aux horaires d\u2019ouverture de la mairie. Une exposition riche d\u2019une centaine de &hellip; Continued\" \/>\n<meta property=\"og:url\" content=\"https:\/\/mfpp-origami.fr\/en\/a-travers-les-plis-exposition-a-baccarat\/\" \/>\n<meta property=\"og:site_name\" content=\"Mouvement Fran\u00e7ais des Plieurs de Papier\" \/>\n<meta property=\"article:publisher\" content=\"https:\/\/www.facebook.com\/mfpp.origami\" \/>\n<meta property=\"article:published_time\" content=\"2025-04-22T13:25:05+00:00\" \/>\n<meta property=\"og:image\" content=\"https:\/\/mfpp-origami.fr\/media\/affiche_expo_bacarrat-scaled.jpg\" \/>\n\t<meta property=\"og:image:width\" content=\"1803\" \/>\n\t<meta property=\"og:image:height\" content=\"2560\" \/>\n\t<meta property=\"og:image:type\" content=\"image\/jpeg\" \/>\n<meta name=\"author\" content=\"Aur\u00e8le Duda\" \/>\n<meta name=\"twitter:card\" content=\"summary_large_image\" \/>\n<meta name=\"twitter:label1\" content=\"Written by\" \/>\n\t<meta name=\"twitter:data1\" content=\"Aur\u00e8le Duda\" \/>\n\t<meta name=\"twitter:label2\" content=\"Est. reading time\" \/>\n\t<meta name=\"twitter:data2\" content=\"1 minute\" \/>\n<script type=\"application\/ld+json\" class=\"yoast-schema-graph\">{\"@context\":\"https:\\\/\\\/schema.org\",\"@graph\":[{\"@type\":\"Article\",\"@id\":\"https:\\\/\\\/mfpp-origami.fr\\\/a-travers-les-plis-exposition-a-baccarat\\\/#article\",\"isPartOf\":{\"@id\":\"https:\\\/\\\/mfpp-origami.fr\\\/a-travers-les-plis-exposition-a-baccarat\\\/\"},\"author\":{\"name\":\"Aur\u00e8le Duda\",\"@id\":\"https:\\\/\\\/mfpp-origami.fr\\\/#\\\/schema\\\/person\\\/3bb2a0efd68ceb0925a20d74724d862e\"},\"headline\":\"\u00c0 travers les plis, exposition \u00e0&nbsp;Baccarat\",\"datePublished\":\"2025-04-22T13:25:05+00:00\",\"mainEntityOfPage\":{\"@id\":\"https:\\\/\\\/mfpp-origami.fr\\\/a-travers-les-plis-exposition-a-baccarat\\\/\"},\"wordCount\":177,\"publisher\":{\"@id\":\"https:\\\/\\\/mfpp-origami.fr\\\/#organization\"},\"image\":{\"@id\":\"https:\\\/\\\/mfpp-origami.fr\\\/a-travers-les-plis-exposition-a-baccarat\\\/#primaryimage\"},\"thumbnailUrl\":\"https:\\\/\\\/mfpp-origami.fr\\\/media\\\/affiche_expo_bacarrat-scaled.jpg\",\"articleSection\":[\"Latest News\"],\"inLanguage\":\"en-US\"},{\"@type\":\"WebPage\",\"@id\":\"https:\\\/\\\/mfpp-origami.fr\\\/en\\\/a-travers-les-plis-exposition-a-baccarat\\\/\",\"url\":\"https:\\\/\\\/mfpp-origami.fr\\\/en\\\/a-travers-les-plis-exposition-a-baccarat\\\/\",\"name\":\"\u00c0 travers les plis, exposition \u00e0 Baccarat &#8211; Mouvement Fran\u00e7ais des Plieurs de Papier\",\"isPartOf\":{\"@id\":\"https:\\\/\\\/mfpp-origami.fr\\\/en\\\/#website\"},\"primaryImageOfPage\":{\"@id\":\"https:\\\/\\\/mfpp-origami.fr\\\/en\\\/a-travers-les-plis-exposition-a-baccarat\\\/#primaryimage\"},\"image\":{\"@id\":\"https:\\\/\\\/mfpp-origami.fr\\\/a-travers-les-plis-exposition-a-baccarat\\\/#primaryimage\"},\"thumbnailUrl\":\"https:\\\/\\\/mfpp-origami.fr\\\/media\\\/affiche_expo_bacarrat-scaled.jpg\",\"datePublished\":\"2025-04-22T13:25:05+00:00\",\"breadcrumb\":{\"@id\":\"https:\\\/\\\/mfpp-origami.fr\\\/en\\\/a-travers-les-plis-exposition-a-baccarat\\\/#breadcrumb\"},\"inLanguage\":\"en-US\",\"potentialAction\":[{\"@type\":\"ReadAction\",\"target\":[[\"https:\\\/\\\/mfpp-origami.fr\\\/en\\\/a-travers-les-plis-exposition-a-baccarat\\\/\"]]}]},{\"@type\":\"ImageObject\",\"inLanguage\":\"en-US\",\"@id\":\"https:\\\/\\\/mfpp-origami.fr\\\/en\\\/a-travers-les-plis-exposition-a-baccarat\\\/#primaryimage\",\"url\":\"https:\\\/\\\/mfpp-origami.fr\\\/media\\\/affiche_expo_bacarrat-scaled.jpg\",\"contentUrl\":\"https:\\\/\\\/mfpp-origami.fr\\\/media\\\/affiche_expo_bacarrat-scaled.jpg\",\"width\":1803,\"height\":2560},{\"@type\":\"BreadcrumbList\",\"@id\":\"https:\\\/\\\/mfpp-origami.fr\\\/en\\\/a-travers-les-plis-exposition-a-baccarat\\\/#breadcrumb\",\"itemListElement\":[{\"@type\":\"ListItem\",\"position\":1,\"name\":\"Accueil\",\"item\":\"https:\\\/\\\/mfpp-origami.fr\\\/en\\\/\"},{\"@type\":\"ListItem\",\"position\":2,\"name\":\"\u00c0 travers les plis, exposition \u00e0 Baccarat\"}]},{\"@type\":\"WebSite\",\"@id\":\"https:\\\/\\\/mfpp-origami.fr\\\/en\\\/#website\",\"url\":\"https:\\\/\\\/mfpp-origami.fr\\\/en\\\/\",\"name\":\"Mouvement Fran\u00e7ais des Plieurs de Papier\",\"description\":\"French association for the promotion of origami\",\"publisher\":{\"@id\":\"https:\\\/\\\/mfpp-origami.fr\\\/en\\\/#organization\"},\"potentialAction\":[{\"@type\":\"SearchAction\",\"target\":{\"@type\":\"EntryPoint\",\"urlTemplate\":\"https:\\\/\\\/mfpp-origami.fr\\\/en\\\/?s={search_term_string}\"},\"query-input\":{\"@type\":\"PropertyValueSpecification\",\"valueRequired\":true,\"valueName\":\"search_term_string\"}}],\"inLanguage\":\"en-US\"},{\"@type\":\"Organization\",\"@id\":\"https:\\\/\\\/mfpp-origami.fr\\\/en\\\/#organization\",\"name\":\"Mouvement fran\u00e7ais des plieurs de papier\",\"url\":\"https:\\\/\\\/mfpp-origami.fr\\\/en\\\/\",\"logo\":{\"@type\":\"ImageObject\",\"inLanguage\":\"en-US\",\"@id\":\"https:\\\/\\\/mfpp-origami.fr\\\/en\\\/#\\\/schema\\\/logo\\\/image\\\/\",\"url\":\"https:\\\/\\\/mfpp-origami.fr\\\/media\\\/logo_web.png\",\"contentUrl\":\"https:\\\/\\\/mfpp-origami.fr\\\/media\\\/logo_web.png\",\"width\":499,\"height\":167,\"caption\":\"Mouvement fran\u00e7ais des plieurs de papier\"},\"image\":{\"@id\":\"https:\\\/\\\/mfpp-origami.fr\\\/en\\\/#\\\/schema\\\/logo\\\/image\\\/\"},\"sameAs\":[\"https:\\\/\\\/www.facebook.com\\\/mfpp.origami\",\"https:\\\/\\\/www.instagram.com\\\/origami_mfpp\\\/\",\"https:\\\/\\\/www.youtube.com\\\/channel\\\/UC72tuiSDql1EMf0oLmjvV4w\"]},{\"@type\":\"Person\",\"@id\":\"https:\\\/\\\/mfpp-origami.fr\\\/#\\\/schema\\\/person\\\/3bb2a0efd68ceb0925a20d74724d862e\",\"name\":\"Aur\u00e8le Duda\",\"image\":{\"@type\":\"ImageObject\",\"inLanguage\":\"en-US\",\"@id\":\"https:\\\/\\\/mfpp-origami.fr\\\/wp-content\\\/litespeed\\\/avatar\\\/7432e615cd3d3eb6f8583b4f98e05bf6.jpg?ver=1777213973\",\"url\":\"https:\\\/\\\/mfpp-origami.fr\\\/wp-content\\\/litespeed\\\/avatar\\\/7432e615cd3d3eb6f8583b4f98e05bf6.jpg?ver=1777213973\",\"contentUrl\":\"https:\\\/\\\/mfpp-origami.fr\\\/wp-content\\\/litespeed\\\/avatar\\\/7432e615cd3d3eb6f8583b4f98e05bf6.jpg?ver=1777213973\",\"caption\":\"Aur\u00e8le Duda\"},\"sameAs\":[\"https:\\\/\\\/aureleduda.com\"]}]}<\/script>\n<!-- \/ Yoast SEO plugin. -->","yoast_head_json":{"title":"\u00c0 travers les plis, exposition \u00e0 Baccarat &#8211; Mouvement Fran\u00e7ais des Plieurs de Papier","robots":{"index":"index","follow":"follow","max-snippet":"max-snippet:-1","max-image-preview":"max-image-preview:large","max-video-preview":"max-video-preview:-1"},"canonical":"https:\/\/mfpp-origami.fr\/en\/a-travers-les-plis-exposition-a-baccarat\/","og_locale":"en_US","og_type":"article","og_title":"\u00c0 travers les plis, exposition \u00e0 Baccarat &#8211; Mouvement Fran\u00e7ais des Plieurs de Papier","og_description":"%L\u2019association s\u2019associe \u00e0&nbsp;la ville de Baccarat pour faire d\u00e9couvrir l\u2019origami dans ses formes les plus diverses \u00e0&nbsp;l\u2019h\u00f4tel de ville de Baccarat, du 22 avril au 27 juin 2025, aux horaires d\u2019ouverture de la mairie. Une exposition riche d\u2019une centaine de &hellip; Continued","og_url":"https:\/\/mfpp-origami.fr\/en\/a-travers-les-plis-exposition-a-baccarat\/","og_site_name":"Mouvement Fran\u00e7ais des Plieurs de Papier","article_publisher":"https:\/\/www.facebook.com\/mfpp.origami","article_published_time":"2025-04-22T13:25:05+00:00","og_image":[{"width":1803,"height":2560,"url":"https:\/\/mfpp-origami.fr\/media\/affiche_expo_bacarrat-scaled.jpg","type":"image\/jpeg"}],"author":"Aur\u00e8le Duda","twitter_card":"summary_large_image","twitter_misc":{"Written by":"Aur\u00e8le Duda","Est. reading time":"1 minute"},"schema":{"@context":"https:\/\/schema.org","@graph":[{"@type":"Article","@id":"https:\/\/mfpp-origami.fr\/a-travers-les-plis-exposition-a-baccarat\/#article","isPartOf":{"@id":"https:\/\/mfpp-origami.fr\/a-travers-les-plis-exposition-a-baccarat\/"},"author":{"name":"Aur\u00e8le Duda","@id":"https:\/\/mfpp-origami.fr\/#\/schema\/person\/3bb2a0efd68ceb0925a20d74724d862e"},"headline":"\u00c0 travers les plis, exposition \u00e0&nbsp;Baccarat","datePublished":"2025-04-22T13:25:05+00:00","mainEntityOfPage":{"@id":"https:\/\/mfpp-origami.fr\/a-travers-les-plis-exposition-a-baccarat\/"},"wordCount":177,"publisher":{"@id":"https:\/\/mfpp-origami.fr\/#organization"},"image":{"@id":"https:\/\/mfpp-origami.fr\/a-travers-les-plis-exposition-a-baccarat\/#primaryimage"},"thumbnailUrl":"https:\/\/mfpp-origami.fr\/media\/affiche_expo_bacarrat-scaled.jpg","articleSection":["Latest News"],"inLanguage":"en-US"},{"@type":"WebPage","@id":"https:\/\/mfpp-origami.fr\/en\/a-travers-les-plis-exposition-a-baccarat\/","url":"https:\/\/mfpp-origami.fr\/en\/a-travers-les-plis-exposition-a-baccarat\/","name":"\u00c0 travers les plis, exposition \u00e0 Baccarat &#8211; Mouvement Fran\u00e7ais des Plieurs de Papier","isPartOf":{"@id":"https:\/\/mfpp-origami.fr\/en\/#website"},"primaryImageOfPage":{"@id":"https:\/\/mfpp-origami.fr\/en\/a-travers-les-plis-exposition-a-baccarat\/#primaryimage"},"image":{"@id":"https:\/\/mfpp-origami.fr\/a-travers-les-plis-exposition-a-baccarat\/#primaryimage"},"thumbnailUrl":"https:\/\/mfpp-origami.fr\/media\/affiche_expo_bacarrat-scaled.jpg","datePublished":"2025-04-22T13:25:05+00:00","breadcrumb":{"@id":"https:\/\/mfpp-origami.fr\/en\/a-travers-les-plis-exposition-a-baccarat\/#breadcrumb"},"inLanguage":"en-US","potentialAction":[{"@type":"ReadAction","target":[["https:\/\/mfpp-origami.fr\/en\/a-travers-les-plis-exposition-a-baccarat\/"]]}]},{"@type":"ImageObject","inLanguage":"en-US","@id":"https:\/\/mfpp-origami.fr\/en\/a-travers-les-plis-exposition-a-baccarat\/#primaryimage","url":"https:\/\/mfpp-origami.fr\/media\/affiche_expo_bacarrat-scaled.jpg","contentUrl":"https:\/\/mfpp-origami.fr\/media\/affiche_expo_bacarrat-scaled.jpg","width":1803,"height":2560},{"@type":"BreadcrumbList","@id":"https:\/\/mfpp-origami.fr\/en\/a-travers-les-plis-exposition-a-baccarat\/#breadcrumb","itemListElement":[{"@type":"ListItem","position":1,"name":"Accueil","item":"https:\/\/mfpp-origami.fr\/en\/"},{"@type":"ListItem","position":2,"name":"\u00c0 travers les plis, exposition \u00e0 Baccarat"}]},{"@type":"WebSite","@id":"https:\/\/mfpp-origami.fr\/en\/#website","url":"https:\/\/mfpp-origami.fr\/en\/","name":"Mouvement Fran\u00e7ais des Plieurs de Papier","description":"French association for the promotion of origami","publisher":{"@id":"https:\/\/mfpp-origami.fr\/en\/#organization"},"potentialAction":[{"@type":"SearchAction","target":{"@type":"EntryPoint","urlTemplate":"https:\/\/mfpp-origami.fr\/en\/?s={search_term_string}"},"query-input":{"@type":"PropertyValueSpecification","valueRequired":true,"valueName":"search_term_string"}}],"inLanguage":"en-US"},{"@type":"Organization","@id":"https:\/\/mfpp-origami.fr\/en\/#organization","name":"Mouvement fran\u00e7ais des plieurs de papier","url":"https:\/\/mfpp-origami.fr\/en\/","logo":{"@type":"ImageObject","inLanguage":"en-US","@id":"https:\/\/mfpp-origami.fr\/en\/#\/schema\/logo\/image\/","url":"https:\/\/mfpp-origami.fr\/media\/logo_web.png","contentUrl":"https:\/\/mfpp-origami.fr\/media\/logo_web.png","width":499,"height":167,"caption":"Mouvement fran\u00e7ais des plieurs de papier"},"image":{"@id":"https:\/\/mfpp-origami.fr\/en\/#\/schema\/logo\/image\/"},"sameAs":["https:\/\/www.facebook.com\/mfpp.origami","https:\/\/www.instagram.com\/origami_mfpp\/","https:\/\/www.youtube.com\/channel\/UC72tuiSDql1EMf0oLmjvV4w"]},{"@type":"Person","@id":"https:\/\/mfpp-origami.fr\/#\/schema\/person\/3bb2a0efd68ceb0925a20d74724d862e","name":"Aur\u00e8le Duda","image":{"@type":"ImageObject","inLanguage":"en-US","@id":"https:\/\/mfpp-origami.fr\/wp-content\/litespeed\/avatar\/7432e615cd3d3eb6f8583b4f98e05bf6.jpg?ver=1777213973","url":"https:\/\/mfpp-origami.fr\/wp-content\/litespeed\/avatar\/7432e615cd3d3eb6f8583b4f98e05bf6.jpg?ver=1777213973","contentUrl":"https:\/\/mfpp-origami.fr\/wp-content\/litespeed\/avatar\/7432e615cd3d3eb6f8583b4f98e05bf6.jpg?ver=1777213973","caption":"Aur\u00e8le Duda"},"sameAs":["https:\/\/aureleduda.com"]}]}},"vimeo_video":null,"_links":{"self":[{"href":"https:\/\/mfpp-origami.fr\/en\/wp-json\/wp\/v2\/posts\/14909","targetHints":{"allow":["GET"]}}],"collection":[{"href":"https:\/\/mfpp-origami.fr\/en\/wp-json\/wp\/v2\/posts"}],"about":[{"href":"https:\/\/mfpp-origami.fr\/en\/wp-json\/wp\/v2\/types\/post"}],"author":[{"embeddable":true,"href":"https:\/\/mfpp-origami.fr\/en\/wp-json\/wp\/v2\/users\/1"}],"replies":[{"embeddable":true,"href":"https:\/\/mfpp-origami.fr\/en\/wp-json\/wp\/v2\/comments?post=14909"}],"version-history":[{"count":1,"href":"https:\/\/mfpp-origami.fr\/en\/wp-json\/wp\/v2\/posts\/14909\/revisions"}],"predecessor-version":[{"id":14911,"href":"https:\/\/mfpp-origami.fr\/en\/wp-json\/wp\/v2\/posts\/14909\/revisions\/14911"}],"wp:featuredmedia":[{"embeddable":true,"href":"https:\/\/mfpp-origami.fr\/en\/wp-json\/wp\/v2\/media\/14910"}],"wp:attachment":[{"href":"https:\/\/mfpp-origami.fr\/en\/wp-json\/wp\/v2\/media?parent=14909"}],"wp:term":[{"taxonomy":"category","embeddable":true,"href":"https:\/\/mfpp-origami.fr\/en\/wp-json\/wp\/v2\/categories?post=14909"},{"taxonomy":"post_tag","embeddable":true,"href":"https:\/\/mfpp-origami.fr\/en\/wp-json\/wp\/v2\/tags?post=14909"}],"curies":[{"name":"wp","href":"https:\/\/api.w.org\/{rel}","templated":true}]}}